{"id":3642,"date":"2014-07-22T20:13:40","date_gmt":"2014-07-22T20:13:40","guid":{"rendered":"http:\/\/www.ecuadoraldia.com.ec\/?p=3642"},"modified":"2014-07-22T20:13:50","modified_gmt":"2014-07-22T20:13:50","slug":"asamblea-pide-comparecencia-de-luis-chiriboga","status":"publish","type":"post","link":"https:\/\/www.ecuadoraldia.com.ec\/?p=3642","title":{"rendered":"Asamblea pide comparecencia de Luis Chiriboga"},"content":{"rendered":"<p><a href=\"http:\/\/www.ecuadoraldia.com.ec\/wp-content\/uploads\/2014\/07\/tin.jpg\"><img loading=\"lazy\" decoding=\"async\" class=\"alignleft size-medium wp-image-3643\" alt=\"tin\" src=\"http:\/\/www.ecuadoraldia.com.ec\/wp-content\/uploads\/2014\/07\/tin-300x200.jpg\" width=\"300\" height=\"200\" srcset=\"https:\/\/www.ecuadoraldia.com.ec\/wp-content\/uploads\/2014\/07\/tin-300x200.jpg 300w, https:\/\/www.ecuadoraldia.com.ec\/wp-content\/uploads\/2014\/07\/tin.jpg 450w\" sizes=\"(max-width: 300px) 100vw, 300px\" \/><\/a>Los asamble\u00edstas y exfutbolistas Agust\u00edn Delgado y Ulises de la Cruz, de Alianza Pa\u00eds, encabezaron hoy el pedido hecho al presidente de la Federaci\u00f3n Ecuatoriana de F\u00fatbol, Luis Chiriboga, para que comparezca ante el legislativo. A esto se sumaron otros asamble\u00edstas del partido de gobierno.<br \/>\nPublicidad<\/p>\n<p>Chiriboga deber\u00e1 explicar los reclamos hechos por el gremio de los futbolistas por las deudas de meses sin pago de sus sueldos. Por tal motivo, est\u00e1 convocada una huelga general de futbolistas para ma\u00f1ana mi\u00e9rcoles, que no se cumplir\u00eda la fecha respectiva del campeonato.<\/p>\n<p>Para esta tarde, en Guayaquil, est\u00e1 convocada una reuni\u00f3n en la Federaci\u00f3n Ecuatoriana de F\u00fatbol entre presidentes de los clubes y los representantes de los trabajadores.<\/p>\n<p>El presidente del Club Manta Jaime Estrada, manifest\u00f3 en la radio Sport que \u201cla semana pasada ten\u00edamos dos meses vencidos en el pago de los derechos de Televisi\u00f3n de parte de FEF\u201d. Esos atrasos de la FEF, seg\u00fan Estrada, le afecta al presupuesto de su club, pues representa aproximadamente el 35% de sus ingresos totales.<\/p>\n","protected":false},"excerpt":{"rendered":"<p>Los asamble\u00edstas y exfutbolistas Agust\u00edn Delgado y Ulises de la Cruz, de Alianza Pa\u00eds, encabezaron hoy el pedido hecho al<\/p>\n","protected":false},"author":1,"featured_media":0,"comment_status":"open","ping_status":"open","sticky":false,"template":"","format":"standard","meta":{"footnotes":""},"categories":[10,3],"tags":[],"_links":{"self":[{"href":"https:\/\/www.ecuadoraldia.com.ec\/index.php?rest_route=\/wp\/v2\/posts\/3642"}],"collection":[{"href":"https:\/\/www.ecuadoraldia.com.ec\/index.php?rest_route=\/wp\/v2\/posts"}],"about":[{"href":"https:\/\/www.ecuadoraldia.com.ec\/index.php?rest_route=\/wp\/v2\/types\/post"}],"author":[{"embeddable":true,"href":"https:\/\/www.ecuadoraldia.com.ec\/index.php?rest_route=\/wp\/v2\/users\/1"}],"replies":[{"embeddable":true,"href":"https:\/\/www.ecuadoraldia.com.ec\/index.php?rest_route=%2Fwp%2Fv2%2Fcomments&post=3642"}],"version-history":[{"count":1,"href":"https:\/\/www.ecuadoraldia.com.ec\/index.php?rest_route=\/wp\/v2\/posts\/3642\/revisions"}],"predecessor-version":[{"id":3644,"href":"https:\/\/www.ecuadoraldia.com.ec\/index.php?rest_route=\/wp\/v2\/posts\/3642\/revisions\/3644"}],"wp:attachment":[{"href":"https:\/\/www.ecuadoraldia.com.ec\/index.php?rest_route=%2Fwp%2Fv2%2Fmedia&parent=3642"}],"wp:term":[{"taxonomy":"category","embeddable":true,"href":"https:\/\/www.ecuadoraldia.com.ec\/index.php?rest_route=%2Fwp%2Fv2%2Fcategories&post=3642"},{"taxonomy":"post_tag","embeddable":true,"href":"https:\/\/www.ecuadoraldia.com.ec\/index.php?rest_route=%2Fwp%2Fv2%2Ftags&post=3642"}],"curies":[{"name":"wp","href":"https:\/\/api.w.org\/{rel}","templated":true}]}}