{"id":3645,"date":"2014-07-22T20:18:08","date_gmt":"2014-07-22T20:18:08","guid":{"rendered":"http:\/\/www.ecuadoraldia.com.ec\/?p=3645"},"modified":"2014-07-22T20:18:08","modified_gmt":"2014-07-22T20:18:08","slug":"caso-30s-se-instala-audiencia-de-juzgamiento-contra-6-policias","status":"publish","type":"post","link":"https:\/\/www.ecuadoraldia.com.ec\/?p=3645","title":{"rendered":"Caso 30S: Se instala audiencia de juzgamiento contra 6 polic\u00edas"},"content":{"rendered":"<p><a href=\"http:\/\/www.ecuadoraldia.com.ec\/wp-content\/uploads\/2014\/07\/30s.jpg\"><img loading=\"lazy\" decoding=\"async\" class=\"alignleft size-medium wp-image-3646\" alt=\"30s\" src=\"http:\/\/www.ecuadoraldia.com.ec\/wp-content\/uploads\/2014\/07\/30s-300x183.jpg\" width=\"300\" height=\"183\" srcset=\"https:\/\/www.ecuadoraldia.com.ec\/wp-content\/uploads\/2014\/07\/30s-300x183.jpg 300w, https:\/\/www.ecuadoraldia.com.ec\/wp-content\/uploads\/2014\/07\/30s.jpg 450w\" sizes=\"(max-width: 300px) 100vw, 300px\" \/><\/a>El Tribunal S\u00e9ptimo de Garant\u00edas Penales de Pichincha inici\u00f3 hoy la audiencia de juzgamiento en contra de 6 polic\u00edas en servicio activo, procesados por su presunta participaci\u00f3n en el delito de tentativa de asesinato al presidente Rafael Correa, dentro de los disturbios suscitados el 30 septiembre 2010 (30-S).<\/p>\n<p>Por cuestiones de espacio, la diligencia se desarrolla en las instalaciones de la Corte Nacional de Justicia (CNJ). El tribunal se encuentra conformado por Luis Fuentes, Elizabeth Mart\u00ednez y Daniel Trujillo.<\/p>\n<p>El fiscal Gustavo Ben\u00edtez present\u00f3 como teor\u00eda del caso, que los sospechosos se habr\u00edan ubicado en sitios estrat\u00e9gicos para evitar el rescate del presidente Correa, quien estaba retenido en el hospital de la Polic\u00eda, tras ser agredido por varios uniformados, durante una manifestaci\u00f3n en las instalaciones del Regimiento Quito N\u00ba1.<\/p>\n<p>La instrucci\u00f3n fiscal en este caso se inici\u00f3 en agosto de 2013. La Fiscal\u00eda convoc\u00f3 a 80 testigos entre peritos, personal de seguridad del Mandatario, periodistas y personas particulares que estaban en los exteriores del hospital.<\/p>\n<p>El magistrado Fuentes pidi\u00f3 que los testigos y peritos que no asistan sean tra\u00eddos por la Fuerza P\u00fablica para garantizar su comparecencia.<\/p>\n<p>Los hechos ocurrieron en los alrededores del Hospital de la Polic\u00eda Nacional cuando se intentaba evacuar de la casa de salud al Jefe de Estado. Los procesados son Geovanny L.A., Eduardo Hilario M.V., Vinicio Ricardo C.C., Luis Alfredo G.O., Jes\u00fas Pa\u00fal J.S. y Hugo Marcelo B., quienes habr\u00edan propinado varios disparos contra los agentes que protegieron al mandatario.<\/p>\n<p>Se estima que la audiencia durar\u00eda al menos esta semana. Hasta el mediod\u00eda, se convoc\u00f3 la versi\u00f3n de Carlos Echeverr\u00eda, perito que realiz\u00f3 el an\u00e1lisis bal\u00edstico a los veh\u00edculos que conformaron la caravana para rescatar al primer mandatario.<\/p>\n<p>Entre las concluisiones, el experto detall\u00f3 que los veh\u00edculos ten\u00edan varios orificios de bala, lo que determin\u00f3 que hubo \u00abagresi\u00f3n bal\u00edstica\u00bb, lo que quiere decir que hubo impactos dirigidos contra los automotores.<\/p>\n<p>Echeverr\u00eda tambi\u00e9n realiz\u00f3 el an\u00e1lisis de varios videos entregados por la Fiscal\u00eda. En su informe detall\u00f3 que varios uniformados se colocaron en una ubicaci\u00f3n estrat\u00e9gica (en el puente de la avenida Occidental, a la altura de la avenida Mariana de Jes\u00fas) y dispararon con direcci\u00f3n a la casa de salud.<\/p>\n","protected":false},"excerpt":{"rendered":"<p>El Tribunal S\u00e9ptimo de Garant\u00edas Penales de Pichincha inici\u00f3 hoy la audiencia de juzgamiento en contra de 6 polic\u00edas en<\/p>\n","protected":false},"author":1,"featured_media":0,"comment_status":"open","ping_status":"open","sticky":false,"template":"","format":"standard","meta":{"footnotes":""},"categories":[5],"tags":[],"_links":{"self":[{"href":"https:\/\/www.ecuadoraldia.com.ec\/index.php?rest_route=\/wp\/v2\/posts\/3645"}],"collection":[{"href":"https:\/\/www.ecuadoraldia.com.ec\/index.php?rest_route=\/wp\/v2\/posts"}],"about":[{"href":"https:\/\/www.ecuadoraldia.com.ec\/index.php?rest_route=\/wp\/v2\/types\/post"}],"author":[{"embeddable":true,"href":"https:\/\/www.ecuadoraldia.com.ec\/index.php?rest_route=\/wp\/v2\/users\/1"}],"replies":[{"embeddable":true,"href":"https:\/\/www.ecuadoraldia.com.ec\/index.php?rest_route=%2Fwp%2Fv2%2Fcomments&post=3645"}],"version-history":[{"count":1,"href":"https:\/\/www.ecuadoraldia.com.ec\/index.php?rest_route=\/wp\/v2\/posts\/3645\/revisions"}],"predecessor-version":[{"id":3647,"href":"https:\/\/www.ecuadoraldia.com.ec\/index.php?rest_route=\/wp\/v2\/posts\/3645\/revisions\/3647"}],"wp:attachment":[{"href":"https:\/\/www.ecuadoraldia.com.ec\/index.php?rest_route=%2Fwp%2Fv2%2Fmedia&parent=3645"}],"wp:term":[{"taxonomy":"category","embeddable":true,"href":"https:\/\/www.ecuadoraldia.com.ec\/index.php?rest_route=%2Fwp%2Fv2%2Fcategories&post=3645"},{"taxonomy":"post_tag","embeddable":true,"href":"https:\/\/www.ecuadoraldia.com.ec\/index.php?rest_route=%2Fwp%2Fv2%2Ftags&post=3645"}],"curies":[{"name":"wp","href":"https:\/\/api.w.org\/{rel}","templated":true}]}}