{"id":3648,"date":"2014-07-22T20:22:07","date_gmt":"2014-07-22T20:22:07","guid":{"rendered":"http:\/\/www.ecuadoraldia.com.ec\/?p=3648"},"modified":"2014-07-22T20:22:07","modified_gmt":"2014-07-22T20:22:07","slug":"asamblea-inicio-el-segundo-debate-del-codigo-monetario-y-financiero","status":"publish","type":"post","link":"https:\/\/www.ecuadoraldia.com.ec\/?p=3648","title":{"rendered":"Asamblea inici\u00f3 el segundo debate del C\u00f3digo Monetario y Financiero"},"content":{"rendered":"<p><a href=\"http:\/\/www.ecuadoraldia.com.ec\/wp-content\/uploads\/2014\/07\/asam.jpg\"><img loading=\"lazy\" decoding=\"async\" class=\"alignleft size-medium wp-image-3649\" alt=\"asam\" src=\"http:\/\/www.ecuadoraldia.com.ec\/wp-content\/uploads\/2014\/07\/asam-300x203.jpg\" width=\"300\" height=\"203\" srcset=\"https:\/\/www.ecuadoraldia.com.ec\/wp-content\/uploads\/2014\/07\/asam-300x203.jpg 300w, https:\/\/www.ecuadoraldia.com.ec\/wp-content\/uploads\/2014\/07\/asam.jpg 624w\" sizes=\"(max-width: 300px) 100vw, 300px\" \/><\/a>El pleno de la Asamblea Nacional inici\u00f3 este martes, con 102 asamble\u00edstas presentes, el segundo debate del C\u00f3digo Monetario y Financiero.<\/p>\n<p>El proyecto tiene el car\u00e1cter de econ\u00f3mico-urgente, por ello, el Legislativo tuvo 30 d\u00edas para el tratamiento. El plazo vence este jueves 24.<\/p>\n<p>Por esta raz\u00f3n, la Comisi\u00f3n de R\u00e9gimen Econ\u00f3mico, presidida por el legislador Oswaldo Larriva, espera recoger hasta ma\u00f1ana las \u00faltimas observaciones de la norma y proponer el texto final de votaci\u00f3n para el jueves, cuando concluye el plazo de an\u00e1lisis.<\/p>\n<p>Larriva manifest\u00f3 que hasta el momento se han realizado 55 cambios para el segundo debate.<\/p>\n<p>Esta ma\u00f1ana, el debate se centr\u00f3 sobre las potestades de la Junta de Regulaci\u00f3n y sobre la posibilidad de interponer acciones a los miembros de la Junta Pol\u00edtica y de Regulaci\u00f3n como un cuerpo colegiado y no de manera individual. Los integrantes de la Junta tendr\u00edan fuera de la Corte Nacional de Justicia.<\/p>\n<p>Larriva se\u00f1al\u00f3 que \u00abel fundamento de un pa\u00eds est\u00e1 en la econom\u00eda\u00bb y que por ser clave su tratamiento debe tener \u00abmucho cuidado\u00bb.<\/p>\n<p>El asamble\u00edsta dijo que el C\u00f3digo cambia las pr\u00e1cticas financieras nacionales con base a la prevalencia del ser humano sobre el capital, as\u00ed como la inclusi\u00f3n y equidad, adem\u00e1s la subordinaci\u00f3n de los \u00e1mbitos monetario y financiero de seguros y valores \u00abcomo instrumentos de la econom\u00eda diaria\u00bb.<\/p>\n<p>Se\u00f1al\u00f3 que el Estado toma mayor capacidad de supervisi\u00f3n y control de estas \u00e1reas de la econom\u00eda, as\u00ed como que protege los derechos ciudadanos en lo relativo al manejo econ\u00f3mico,\u00bbfortalece la confianza como pilar de todo sistema financiero (&#8230;) permitir\u00e1 que los ecuatorianos tengan mayor confianza en el sistema monetario y financiero\u00bb.<\/p>\n<p>Agreg\u00f3 que se analiz\u00f3 con cuidado la norma para que ninguna disposici\u00f3n afecte los principios constitucionales y que por ello se otorga un trato preferencial a la econom\u00eda popular y solidaria., as\u00ed como se establece la prohibici\u00f3n de retenci\u00f3n y congelamiento de dep\u00f3sitos. \u00abEl Estado no ser\u00e1 el responsable de la solvencia de las entidades del sector privado y de la econom\u00eda popular y solidaria\u00bb, dijo.<\/p>\n<p>Larriva argument\u00f3 que se mantiene el presupuesto del Estado para Solca y el sistema de maternidad gratuita.<\/p>\n<p>As\u00ed como que la Junta de Pol\u00edtica y Regulaci\u00f3n promover\u00e1 el acceso al cr\u00e9dito a las personas en movilidad humana, grupos de atenci\u00f3n prioritaria y madres solteras, a estos grupos tambi\u00e9n se mantendr\u00e1 el sistema de garant\u00eda crediticia.<\/p>\n<p>La normativa tambi\u00e9n dispone el traslado de los funcionarios de las entidades que se cierran.<\/p>\n<p>Sobre la Junta de Pol\u00edtica y Regulaci\u00f3n, reiter\u00f3 que la entidad estar\u00e1 sin representantes del sector privado. As\u00ed como que tambi\u00e9n se crea el Consejo Consultivo de la Junta de Regulaci\u00f3n, que s\u00ed tendr\u00e1 representaci\u00f3n del sector privado y de la econom\u00eda popular y solidaria.<\/p>\n<p>Acot\u00f3 que la norma crear\u00e1 el Fondo de Seguros Privados, que ser\u00e1 parte de la corporaci\u00f3n de seguros de Dep\u00f3sitos y Fondo de Liquidez, que administrar\u00e1 y cubrir\u00e1 riesgos de las empresas de seguros que entren en liquidaci\u00f3n forzosa.<\/p>\n<p>El proponente de la ley habl\u00f3 tambi\u00e9n sobre el sistema de moneda electr\u00f3nica que en el nuevo C\u00f3digo estar\u00e1 respaldada por los activos l\u00edquidos del Banco Central del Ecuador.<\/p>\n<p>Adem\u00e1s se crear\u00e1 el sistema de garant\u00eda crediticia. \u00abSe establecen normas espec\u00edficas sobre conflictos de intereses o grados de parentesco que inhabilitan la pertenencia a los \u00f3rganos de control\u00bb.<\/p>\n<p>As\u00ed como que tambi\u00e9n se establecer\u00e1n los costos m\u00e1ximos por los servicios de tarjetas de cr\u00e9dito, delito y de otras de similar caracter\u00edstica.<\/p>\n<p>El legislador Mauro Andino pidi\u00f3 a la Comisi\u00f3n de R\u00e9gimen Econ\u00f3mico armonizar el C\u00f3digo Monetario con el C\u00f3digo Org\u00e1nico Integral Penal, que entra en vigencia en agosto.<\/p>\n<p>Paola Pab\u00f3n dijo que hay un cambio estructural en estos \u00faltimos 7 a\u00f1os y que las decisiones son responsables con el modelo econ\u00f3mico y los intereses de los ecuatorianos.<\/p>\n<p>Manifest\u00f3 que diferentes \u00abactores del sisrema financiero privado y p\u00fablico tienen el compromiso de contribuir al modelo de desarrollo\u00bb.<\/p>\n<p>Destac\u00f3 el emprendimiento productivo del C\u00f3digo Monetario, que a su criterio, genera empleo<\/p>\n<p>\u00abLa normativa deja atr\u00e1s ese pasado vergonzoso que remite a la sucretizaci\u00f3n (&#8230;) no vamos a garantizar una legislaci\u00f3n que obligue a los ecuatorianos a redistribuir las p\u00e9rdidas\u00bb, se\u00f1al\u00f3 Pab\u00f3n, quien pidi\u00f3 que la regulaci\u00f3n de tasas por el uso de tarjetas de cr\u00e9dito sea \u00fanicamente potestad de la Junta.<\/p>\n<p>Carlos Viteri se\u00f1al\u00f3 que el C\u00f3digo crea \u00abuna nueva arquitectura financiera al servicio de la sociedad\u00bb.<\/p>\n<p>Viteri pidi\u00f3 que se incluya en la norma que \u00ablos superintendentes, as\u00ed como los integrantes de la Junta, no estar\u00e1n exentos de responsabilidades por los actos u omisiones en el ejercicio de sus funciones\u00bb.<\/p>\n","protected":false},"excerpt":{"rendered":"<p>El pleno de la Asamblea Nacional inici\u00f3 este martes, con 102 asamble\u00edstas presentes, el segundo debate del C\u00f3digo Monetario y<\/p>\n","protected":false},"author":1,"featured_media":0,"comment_status":"open","ping_status":"open","sticky":false,"template":"","format":"standard","meta":{"footnotes":""},"categories":[9,1],"tags":[],"_links":{"self":[{"href":"https:\/\/www.ecuadoraldia.com.ec\/index.php?rest_route=\/wp\/v2\/posts\/3648"}],"collection":[{"href":"https:\/\/www.ecuadoraldia.com.ec\/index.php?rest_route=\/wp\/v2\/posts"}],"about":[{"href":"https:\/\/www.ecuadoraldia.com.ec\/index.php?rest_route=\/wp\/v2\/types\/post"}],"author":[{"embeddable":true,"href":"https:\/\/www.ecuadoraldia.com.ec\/index.php?rest_route=\/wp\/v2\/users\/1"}],"replies":[{"embeddable":true,"href":"https:\/\/www.ecuadoraldia.com.ec\/index.php?rest_route=%2Fwp%2Fv2%2Fcomments&post=3648"}],"version-history":[{"count":1,"href":"https:\/\/www.ecuadoraldia.com.ec\/index.php?rest_route=\/wp\/v2\/posts\/3648\/revisions"}],"predecessor-version":[{"id":3650,"href":"https:\/\/www.ecuadoraldia.com.ec\/index.php?rest_route=\/wp\/v2\/posts\/3648\/revisions\/3650"}],"wp:attachment":[{"href":"https:\/\/www.ecuadoraldia.com.ec\/index.php?rest_route=%2Fwp%2Fv2%2Fmedia&parent=3648"}],"wp:term":[{"taxonomy":"category","embeddable":true,"href":"https:\/\/www.ecuadoraldia.com.ec\/index.php?rest_route=%2Fwp%2Fv2%2Fcategories&post=3648"},{"taxonomy":"post_tag","embeddable":true,"href":"https:\/\/www.ecuadoraldia.com.ec\/index.php?rest_route=%2Fwp%2Fv2%2Ftags&post=3648"}],"curies":[{"name":"wp","href":"https:\/\/api.w.org\/{rel}","templated":true}]}}