{"id":3655,"date":"2014-07-22T23:29:44","date_gmt":"2014-07-22T23:29:44","guid":{"rendered":"http:\/\/www.ecuadoraldia.com.ec\/?p=3655"},"modified":"2014-07-22T23:29:44","modified_gmt":"2014-07-22T23:29:44","slug":"la-hora-esmeraldas-ante-la-sancion-de-la-superintendencia-de-comunicacion","status":"publish","type":"post","link":"https:\/\/www.ecuadoraldia.com.ec\/?p=3655","title":{"rendered":"La Hora Esmeraldas, ante la sanci\u00f3n de la Superintendencia de Comunicaci\u00f3n"},"content":{"rendered":"<p><a href=\"http:\/\/www.ecuadoraldia.com.ec\/wp-content\/uploads\/2014\/07\/lahora.jpg\"><img loading=\"lazy\" decoding=\"async\" class=\"alignleft size-medium wp-image-3656\" alt=\"lahora\" src=\"http:\/\/www.ecuadoraldia.com.ec\/wp-content\/uploads\/2014\/07\/lahora-232x300.jpg\" width=\"232\" height=\"300\" srcset=\"https:\/\/www.ecuadoraldia.com.ec\/wp-content\/uploads\/2014\/07\/lahora-232x300.jpg 232w, https:\/\/www.ecuadoraldia.com.ec\/wp-content\/uploads\/2014\/07\/lahora-792x1024.jpg 792w, https:\/\/www.ecuadoraldia.com.ec\/wp-content\/uploads\/2014\/07\/lahora.jpg 1024w\" sizes=\"(max-width: 232px) 100vw, 232px\" \/><\/a>Diario La Hora considera que la multa impuesta por el organismo de control de la comunicaci\u00f3n es injusta y promover\u00eda la autocensura y la censura previa.<\/p>\n<p>La Hora cree que la medida es un peligroso precedente para el tratamiento period\u00edstico de la inseguridad, uno de los males que m\u00e1s afectan y preocupan a los ciudadanos, en especial en esa regi\u00f3n del pa\u00eds, donde se registran los mayores \u00edndices de violencia.<br \/>\nLa resoluci\u00f3n de la Superintendencia no consider\u00f3 a profundidad los criterios presentados por la defensa de este medio, a la cual se le dio un tiempo reducido para instrumentalizar sus pruebas y alegatos. Los organismos de control de la prensa establecieron cerca de 200 supuestas violaciones a la Ley de Comunicaci\u00f3n en esa provincia, sin embargo, este medio fue el \u00fanico en ser procesado.<\/p>\n<p>Diario La Hora Esmeraldas recibi\u00f3 de un funcionario p\u00fablico un documento audiovisual que conten\u00eda el registro de un hecho criminal. Ese video fue emitido por todas las cadenas regionales de televisi\u00f3n y La Hora tom\u00f3 algunas escenas para graficar la noticia sobre dicho crimen.<\/p>\n<p>La intenci\u00f3n de este Diario, al igual que la del funcionario, fue demostrar la efectividad del sistema ECU 911, colaborar en el esclarecimiento del delito y aportar a la seguridad de los habitante de Esmeraldas.<\/p>\n<p>Adem\u00e1s, al publicarse al poco de haberse consumado el delito, no se hab\u00eda abierto la indagaci\u00f3n previa del caso, por lo que no se emiti\u00f3 criterio alguno dentro de la etapa de silencio sumarial, como dispone la ley.<\/p>\n<p>Diario La Hora informa que ante la imposibilidad de que se revea este evidente atropello por la indefensi\u00f3n imperante, cancelaremos BAJO PROTESTA la multa impuesta. Agotaremos las v\u00edas nacionales para ejercer posteriormente nuestros derechos. (La hora)<\/p>\n","protected":false},"excerpt":{"rendered":"<p>Diario La Hora considera que la multa impuesta por el organismo de control de la comunicaci\u00f3n es injusta y promover\u00eda<\/p>\n","protected":false},"author":1,"featured_media":0,"comment_status":"open","ping_status":"open","sticky":false,"template":"","format":"standard","meta":{"footnotes":""},"categories":[3],"tags":[],"_links":{"self":[{"href":"https:\/\/www.ecuadoraldia.com.ec\/index.php?rest_route=\/wp\/v2\/posts\/3655"}],"collection":[{"href":"https:\/\/www.ecuadoraldia.com.ec\/index.php?rest_route=\/wp\/v2\/posts"}],"about":[{"href":"https:\/\/www.ecuadoraldia.com.ec\/index.php?rest_route=\/wp\/v2\/types\/post"}],"author":[{"embeddable":true,"href":"https:\/\/www.ecuadoraldia.com.ec\/index.php?rest_route=\/wp\/v2\/users\/1"}],"replies":[{"embeddable":true,"href":"https:\/\/www.ecuadoraldia.com.ec\/index.php?rest_route=%2Fwp%2Fv2%2Fcomments&post=3655"}],"version-history":[{"count":1,"href":"https:\/\/www.ecuadoraldia.com.ec\/index.php?rest_route=\/wp\/v2\/posts\/3655\/revisions"}],"predecessor-version":[{"id":3657,"href":"https:\/\/www.ecuadoraldia.com.ec\/index.php?rest_route=\/wp\/v2\/posts\/3655\/revisions\/3657"}],"wp:attachment":[{"href":"https:\/\/www.ecuadoraldia.com.ec\/index.php?rest_route=%2Fwp%2Fv2%2Fmedia&parent=3655"}],"wp:term":[{"taxonomy":"category","embeddable":true,"href":"https:\/\/www.ecuadoraldia.com.ec\/index.php?rest_route=%2Fwp%2Fv2%2Fcategories&post=3655"},{"taxonomy":"post_tag","embeddable":true,"href":"https:\/\/www.ecuadoraldia.com.ec\/index.php?rest_route=%2Fwp%2Fv2%2Ftags&post=3655"}],"curies":[{"name":"wp","href":"https:\/\/api.w.org\/{rel}","templated":true}]}}