{"id":3754,"date":"2014-07-25T12:56:34","date_gmt":"2014-07-25T12:56:34","guid":{"rendered":"http:\/\/www.ecuadoraldia.com.ec\/?p=3754"},"modified":"2014-07-25T12:56:34","modified_gmt":"2014-07-25T12:56:34","slug":"poner-fin-a-la-epidemia-del-sida-es-posible","status":"publish","type":"post","link":"https:\/\/www.ecuadoraldia.com.ec\/?p=3754","title":{"rendered":"Poner fin a la epidemia del sida es posible"},"content":{"rendered":"<p><a href=\"http:\/\/www.ecuadoraldia.com.ec\/wp-content\/uploads\/2014\/07\/virus-sida.jpg\"><img loading=\"lazy\" decoding=\"async\" class=\"alignleft size-medium wp-image-3755\" alt=\"virus-sida\" src=\"http:\/\/www.ecuadoraldia.com.ec\/wp-content\/uploads\/2014\/07\/virus-sida-300x168.jpg\" width=\"300\" height=\"168\" srcset=\"https:\/\/www.ecuadoraldia.com.ec\/wp-content\/uploads\/2014\/07\/virus-sida-300x168.jpg 300w, https:\/\/www.ecuadoraldia.com.ec\/wp-content\/uploads\/2014\/07\/virus-sida.jpg 630w\" sizes=\"(max-width: 300px) 100vw, 300px\" \/><\/a>REALIDAD. El VIH no solo puede presentarse en poblaciones marginales, gente de orientaci\u00f3n sexual diferente y trabajadoras sexuales, sino en todos los seres humanos. El examen es importante.<br \/>\nLa falta de acceso a pruebas, asesor\u00eda, tratamiento y atenci\u00f3n, as\u00ed como el desconocimiento de la propia condici\u00f3n de VIH son los principales obst\u00e1culos para recibir el tratamiento y la atenci\u00f3n que salvan la vida, subrayaron la Federaci\u00f3n Internacional de Sociedades de la Cruz Roja y de la Media Luna Roja (FICR) y la Red Mundial de Personas con VIH (GNP+), previo a la XX Conferencia Internacional sobre el Sida que comenz\u00f3 el domingo y culmina hoy en Melbourne, Australia.<\/p>\n<p>Se estima que actualmente, a nivel mundial, el n\u00famero de personas con VIH asciende a 35,3 millones, pero solo alrededor de la mitad conoce su condici\u00f3n. Adem\u00e1s, dos de cada tres personas que viven con VIH no tienen acceso al tratamiento que requieren y que es necesario para mantener baja la carga viral.<\/p>\n<p>\u201cConocer lo antes posible la propia condici\u00f3n de VIH es crucial, pues implica que la persona pueda buscar tratamiento, atenci\u00f3n y m\u00e1s apoyo\u201d, se\u00f1al\u00f3 Matthias Schmale, secretario General interino de la FICR, organizaci\u00f3n que cuenta con m\u00e1s de 17 millones de voluntarios en todo el mundo y tiene como una prioridad la labor en materia de salud comunitaria.? ?<\/p>\n<p>Seg\u00fan estudios recientes, el tratamiento no solo prolonga en cinco d\u00e9cadas la vida de quienes viven con el VIH, tambi\u00e9n reduce hasta el 96% el riesgo de transmisi\u00f3n del VIH entre compa\u00f1eros sexuales, disminuye la propagaci\u00f3n de la tuberculosis y previene la transmisi\u00f3n de madre a hijo. Ampliar los servicios de pruebas y tratamiento dirigidos por la comunidad puede generar beneficios econ\u00f3micos de un monto equivalente hasta tres veces la inversi\u00f3n. ? ?<\/p>\n<p>A 30 a\u00f1os del descubrimiento del VIH, la pobreza, la marginaci\u00f3n, el temor y el estigma siguen siendo las causas principales que impiden a las personas acceder a los servicios de salud que necesitan. Adem\u00e1s, muchos pa\u00edses de bajos y medianos ingresos y Estados fr\u00e1giles carecen de servicios, instalaciones y personal de salud calificado, lo que tambi\u00e9n dificulta los esfuerzos para mejorar esas tasas.<\/p>\n<p>\u201cQue todos puedan vivir en un marco de salud, dignidad y prevenci\u00f3n positivas es esencial para la respuesta al VIH. No obstante, muchas personas que viven con VIH se enfrentan al estigma y la discriminaci\u00f3n a distintos niveles, incluidos establecimientos de salud, debido al temor y la ignorancia en torno a la trasmisi\u00f3n del VIH\u201d, declar\u00f3 Suzette Moses-Burton, directora Ejecutiva de la GNP+. \u201cEl estigma es m\u00e1s pronunciado en el caso de las comunidades de mayor riesgo; en particular, las trabajadoras del sexo, los hombres que tienen relaciones sexuales con hombres, las personas transg\u00e9nero y los consumidores de drogas pueden ser criminalizados u objeto de discriminaci\u00f3n o marginaci\u00f3n en los servicios de salud. De ah\u00ed que muchos eviten buscar esa atenci\u00f3n esencial\u201d, concluy\u00f3.<br \/>\n???<br \/>\nEn el marco de la \u2018Conferencia Internacional sobre el Sida 2014\u2019, la GNP+ y la FICR insisten en que nadie que necesite tratamiento y atenci\u00f3n debe ser dejado atr\u00e1s. Tambi\u00e9n llaman a los gobiernos a poner los servicios de pruebas y tratamiento m\u00e1s cerca de donde vive la gente y suprimir las barreras jur\u00eddicas, sociales y econ\u00f3micas que impiden el acceso equitativo a dichos servicios.<\/p>\n<p>\u00b0 En la Cruz Roja Ecuatoriana existen grupos de apoyo que acogen, cada 15 d\u00edas, a quienes viven con VIH. Esta es la oportunidad para que conversen entre s\u00ed, y tambi\u00e9n son capacitados en el tema salud y cuidados. Adem\u00e1s, reciben terapias alternativas (meditaci\u00f3n, relajaci\u00f3n, paseos y apoyo en consultas m\u00e9dicas), lo cual les ayuda a levantar el autoestima.<\/p>\n<p>\u00b0 Hasta noviembre de 2013 el total acumulado de personas viviendo con VIH fue de 11.068 personas.<\/p>\n<p>\u00b0 En Guayaquil se concentra el 63.1%, Quito con el 14.5%, Esmeraldas con el 4.3%, Los R\u00edos con el 3.8% y Manab\u00ed con el 3.5%.<\/p>\n<p>En 2013 esa enfermedad caus\u00f3 la muerte a un mill\u00f3n 300 mil personas a nivel global, y cada a\u00f1o unas dos millones de personas son infectadas por el VIH, entre ellos 240 mil ni\u00f1os, seg\u00fan ONUSIDA.<\/p>\n","protected":false},"excerpt":{"rendered":"<p>REALIDAD. El VIH no solo puede presentarse en poblaciones marginales, gente de orientaci\u00f3n sexual diferente y trabajadoras sexuales, sino en<\/p>\n","protected":false},"author":1,"featured_media":0,"comment_status":"open","ping_status":"open","sticky":false,"template":"","format":"standard","meta":{"footnotes":""},"categories":[8],"tags":[],"_links":{"self":[{"href":"https:\/\/www.ecuadoraldia.com.ec\/index.php?rest_route=\/wp\/v2\/posts\/3754"}],"collection":[{"href":"https:\/\/www.ecuadoraldia.com.ec\/index.php?rest_route=\/wp\/v2\/posts"}],"about":[{"href":"https:\/\/www.ecuadoraldia.com.ec\/index.php?rest_route=\/wp\/v2\/types\/post"}],"author":[{"embeddable":true,"href":"https:\/\/www.ecuadoraldia.com.ec\/index.php?rest_route=\/wp\/v2\/users\/1"}],"replies":[{"embeddable":true,"href":"https:\/\/www.ecuadoraldia.com.ec\/index.php?rest_route=%2Fwp%2Fv2%2Fcomments&post=3754"}],"version-history":[{"count":1,"href":"https:\/\/www.ecuadoraldia.com.ec\/index.php?rest_route=\/wp\/v2\/posts\/3754\/revisions"}],"predecessor-version":[{"id":3756,"href":"https:\/\/www.ecuadoraldia.com.ec\/index.php?rest_route=\/wp\/v2\/posts\/3754\/revisions\/3756"}],"wp:attachment":[{"href":"https:\/\/www.ecuadoraldia.com.ec\/index.php?rest_route=%2Fwp%2Fv2%2Fmedia&parent=3754"}],"wp:term":[{"taxonomy":"category","embeddable":true,"href":"https:\/\/www.ecuadoraldia.com.ec\/index.php?rest_route=%2Fwp%2Fv2%2Fcategories&post=3754"},{"taxonomy":"post_tag","embeddable":true,"href":"https:\/\/www.ecuadoraldia.com.ec\/index.php?rest_route=%2Fwp%2Fv2%2Ftags&post=3754"}],"curies":[{"name":"wp","href":"https:\/\/api.w.org\/{rel}","templated":true}]}}