{"id":3757,"date":"2014-07-25T13:01:02","date_gmt":"2014-07-25T13:01:02","guid":{"rendered":"http:\/\/www.ecuadoraldia.com.ec\/?p=3757"},"modified":"2014-07-25T13:01:13","modified_gmt":"2014-07-25T13:01:13","slug":"se-levanto-la-huelga-de-futbolistas-y-se-reanudaran-partidos","status":"publish","type":"post","link":"https:\/\/www.ecuadoraldia.com.ec\/?p=3757","title":{"rendered":"Se levant\u00f3 la huelga de futbolistas y se reanudar\u00e1n partidos"},"content":{"rendered":"<p><a href=\"http:\/\/www.ecuadoraldia.com.ec\/wp-content\/uploads\/2014\/07\/futbol-levantan.jpg\"><img loading=\"lazy\" decoding=\"async\" class=\"alignleft size-medium wp-image-3758\" alt=\"futbol-levantan\" src=\"http:\/\/www.ecuadoraldia.com.ec\/wp-content\/uploads\/2014\/07\/futbol-levantan-300x199.jpg\" width=\"300\" height=\"199\" srcset=\"https:\/\/www.ecuadoraldia.com.ec\/wp-content\/uploads\/2014\/07\/futbol-levantan-300x199.jpg 300w, https:\/\/www.ecuadoraldia.com.ec\/wp-content\/uploads\/2014\/07\/futbol-levantan.jpg 1000w\" sizes=\"(max-width: 300px) 100vw, 300px\" \/><\/a>La Federaci\u00f3n Ecuatoriana de Futbol (FEF) y la Agremiaci\u00f3n de Futbolistas del Ecuador (AFE) llegaron finalmente a un acuerdo sobre las peticiones por parte de los jugadores y se levant\u00f3 la huelga del campeonato nacional.<\/p>\n<p>En una reuni\u00f3n que dur\u00f3 m\u00e1s de seis horas, ambos organismos revisaron los 13 puntos (pedidos por los futbolistas) y firmaron un documento en el cual se comprometen a hacerlos cumplir. De esa forma se acord\u00f3 para la pr\u00f3xima semana la reanudaci\u00f3n del torneo nacional.<\/p>\n<p>Luis Chiriboga, titular de la FEF, se mostr\u00f3 contento por la predisposici\u00f3n de la AFE para hacer posible este acuerdo.<\/p>\n<p>\u201cHicimos realidad las aspiraciones de los jugadores, donde fueron analizadas de manera transparente todos los puntos y quedaron acordados\u201d, dijo.<\/p>\n<p>\u201cEstablecimos puntos hoy (ayer) y no hubo inconvenientes. Aqu\u00ed salimos ganando todos\u201d, expres\u00f3 Iv\u00e1n Hurtado, presidente de la AFE.<\/p>\n<p>\u201cEs un final feliz para nuestros jugadores. Las relaciones se seguir\u00e1n manteniendo por nuestros profesionales y damos por terminada la huelga\u201d, agreg\u00f3.<\/p>\n<p>Cabe mencionar que el certamen dom\u00e9stico se suspendi\u00f3 esta semana, por lo que no se jugaron las fechas 21 y 22 previstas para el mi\u00e9rcoles pasado y este domingo. La medida se decidi\u00f3 como protesta a las deudas que mantienen los clubes del pa\u00eds desde hace ya varios meses con los futbolistas.<\/p>\n<p>Entre las peticiones consta la cancelaci\u00f3n inmediata de la deuda o establecer un acuerdo de pago, y as\u00ed evitar sanciones como p\u00e9rdida de puntos o suspensi\u00f3n de partidos.<\/p>\n<p>En la reuni\u00f3n de ayer estuvo presente el titular de la FEF Luis Chiriboga, Iv\u00e1n Hurtado, presidente de la AFE, as\u00ed como tambi\u00e9n Edwin Tenorio y Jorge Guzm\u00e1n, vicepresidente y gerente de la Agremiaci\u00f3n, respectivamente.<\/p>\n<p>El presidente del organismo rector del balompi\u00e9 nacional comparecer\u00e1 el pr\u00f3ximo lunes a una invitaci\u00f3n que le hizo la Asamblea Nacional.<\/p>\n<p>Esto con el prop\u00f3sito de analizar la crisis econ\u00f3mica que actualmente atraviesa el f\u00fatbol del pa\u00eds y buscar posibles soluciones. El titular de Ecuaf\u00fatbol fue citado el mi\u00e9rcoles pasado, pero no pudo asistir ya que debi\u00f3 reunirse con la AFE, para resolver el tema de deuda a los jugadores y de esa manera proceder a la reanudaci\u00f3n del Campeonato.<\/p>\n<p>\u201cEl lunes finalmente podr\u00e9 asistir a la invitaci\u00f3n que me hizo la Asamblea. L\u00f3gicamente saben que no he podido ir por el problema con jugadores y con gusto ahora asistir\u00e9. Espero satisfacer las inquietudes de los se\u00f1ores asamble\u00edstas\u201d.<\/p>\n","protected":false},"excerpt":{"rendered":"<p>La Federaci\u00f3n Ecuatoriana de Futbol (FEF) y la Agremiaci\u00f3n de Futbolistas del Ecuador (AFE) llegaron finalmente a un acuerdo sobre<\/p>\n","protected":false},"author":1,"featured_media":0,"comment_status":"open","ping_status":"open","sticky":false,"template":"","format":"standard","meta":{"footnotes":""},"categories":[10],"tags":[],"_links":{"self":[{"href":"https:\/\/www.ecuadoraldia.com.ec\/index.php?rest_route=\/wp\/v2\/posts\/3757"}],"collection":[{"href":"https:\/\/www.ecuadoraldia.com.ec\/index.php?rest_route=\/wp\/v2\/posts"}],"about":[{"href":"https:\/\/www.ecuadoraldia.com.ec\/index.php?rest_route=\/wp\/v2\/types\/post"}],"author":[{"embeddable":true,"href":"https:\/\/www.ecuadoraldia.com.ec\/index.php?rest_route=\/wp\/v2\/users\/1"}],"replies":[{"embeddable":true,"href":"https:\/\/www.ecuadoraldia.com.ec\/index.php?rest_route=%2Fwp%2Fv2%2Fcomments&post=3757"}],"version-history":[{"count":1,"href":"https:\/\/www.ecuadoraldia.com.ec\/index.php?rest_route=\/wp\/v2\/posts\/3757\/revisions"}],"predecessor-version":[{"id":3759,"href":"https:\/\/www.ecuadoraldia.com.ec\/index.php?rest_route=\/wp\/v2\/posts\/3757\/revisions\/3759"}],"wp:attachment":[{"href":"https:\/\/www.ecuadoraldia.com.ec\/index.php?rest_route=%2Fwp%2Fv2%2Fmedia&parent=3757"}],"wp:term":[{"taxonomy":"category","embeddable":true,"href":"https:\/\/www.ecuadoraldia.com.ec\/index.php?rest_route=%2Fwp%2Fv2%2Fcategories&post=3757"},{"taxonomy":"post_tag","embeddable":true,"href":"https:\/\/www.ecuadoraldia.com.ec\/index.php?rest_route=%2Fwp%2Fv2%2Ftags&post=3757"}],"curies":[{"name":"wp","href":"https:\/\/api.w.org\/{rel}","templated":true}]}}