{"id":3760,"date":"2014-07-25T13:56:03","date_gmt":"2014-07-25T13:56:03","guid":{"rendered":"http:\/\/www.ecuadoraldia.com.ec\/?p=3760"},"modified":"2014-07-25T13:56:03","modified_gmt":"2014-07-25T13:56:03","slug":"ninos-cambian-el-ambiente-de-la-casa-de-los-alcaldes","status":"publish","type":"post","link":"https:\/\/www.ecuadoraldia.com.ec\/?p=3760","title":{"rendered":"Ni\u00f1os cambian el ambiente de la Casa de los Alcaldes"},"content":{"rendered":"<p><a href=\"http:\/\/www.ecuadoraldia.com.ec\/wp-content\/uploads\/2014\/07\/casa-alc.jpg\"><img loading=\"lazy\" decoding=\"async\" class=\"alignleft size-medium wp-image-3761\" alt=\"casa alc\" src=\"http:\/\/www.ecuadoraldia.com.ec\/wp-content\/uploads\/2014\/07\/casa-alc-300x166.jpg\" width=\"300\" height=\"166\" srcset=\"https:\/\/www.ecuadoraldia.com.ec\/wp-content\/uploads\/2014\/07\/casa-alc-300x166.jpg 300w, https:\/\/www.ecuadoraldia.com.ec\/wp-content\/uploads\/2014\/07\/casa-alc.jpg 612w\" sizes=\"(max-width: 300px) 100vw, 300px\" \/><\/a>\u201cMam\u00e1\u201d. Es una de las pocas palabras que puede pronunciar un ni\u00f1o de dos a\u00f1os y medio, que juguetea con una pelota en el segundo piso de la Casa de los Alcaldes, ubicada en el costado norte de la Plaza de la Independencia.<\/p>\n<p>La presencia de extra\u00f1os en la planta baja no lo inmuta, solo se emociona cuando ve ingresar a su madre.<\/p>\n<p>\u201cHola rat\u00f3n\u201d, le responde Mar\u00eda Fernanda Pacheco a su peque\u00f1o, quien lleva el mismo nombre de su padre, el alcalde de Quito Mauricio Rodas. Mientras, la m\u00e1s peque\u00f1a del hogar, Ana Cristina, de apenas siete meses, duerme como si el inmueble no estuviera ubicado en uno de los sitios m\u00e1s bulliciosos de la capital.<\/p>\n<p>Esta es la primera vez que la vivienda, contigua al centro comercial Arzobispal, frente a la Plaza Grande, tiene a ni\u00f1os entre sus ocupantes, por lo que se colocaron vidrios de protecci\u00f3n en las barandas del segundo piso y se acondicionaron las gradas para estos nuevos inquilinos.<\/p>\n<p>La familia Rodas-Pacheco trata de que su incursi\u00f3n en la pol\u00edtica no afecte la armon\u00eda de su hogar. De ah\u00ed que desde hace dos semanas, en lugar de tener a los infantes en su residencia situada en Cumbay\u00e1, prefieren hospedarlos durante todo el d\u00eda en la Casa de los Alcaldes.<\/p>\n<p>\u201cEstamos muy contentos. Siempre nos hemos planteado la pol\u00edtica como familia y esta es la mejor forma. Consideramos que hay que mantener esos lazos y la mejor manera es que Mauricio venga a almorzar, comparta tiempo con nosotros, valoramos mucho el espacio de ese modo\u201d, dice Mar\u00eda Fernanda Pacheco.<\/p>\n<p>La vivienda queda a poca distancia del Palacio Municipal, pero no siempre estuvo habitada: Augusto Barrera solo ten\u00eda oficinas alternas en el lugar, Paco Moncayo y Roque Sevilla no la utilizaron. El \u00fanico que residi\u00f3 all\u00ed fue Jamil Mahuad, durante los seis a\u00f1os que estuvo al frente del Cabildo.<\/p>\n<p>Rodas considera a la casa \u201ccomo un s\u00edmbolo de la quite\u00f1idad\u201d, aunque\u00e9l y su esposa a\u00fan no han decidido mudarse de forma permanente. Uno de los inconvenientes es que al caer la tarde el fr\u00edo se apodera del lugar, ya que la mayor parte de su estructura es de adobe y piedra.<\/p>\n<p>Rodas y Pacheco, quien preside el Patronato San Jos\u00e9, han acondicionado la parte baja de la vivienda para oficinas, en las que suelen reunirse con sus asesores.<\/p>\n","protected":false},"excerpt":{"rendered":"<p>\u201cMam\u00e1\u201d. Es una de las pocas palabras que puede pronunciar un ni\u00f1o de dos a\u00f1os y medio, que juguetea con<\/p>\n","protected":false},"author":1,"featured_media":0,"comment_status":"open","ping_status":"open","sticky":false,"template":"","format":"standard","meta":{"footnotes":""},"categories":[14],"tags":[],"_links":{"self":[{"href":"https:\/\/www.ecuadoraldia.com.ec\/index.php?rest_route=\/wp\/v2\/posts\/3760"}],"collection":[{"href":"https:\/\/www.ecuadoraldia.com.ec\/index.php?rest_route=\/wp\/v2\/posts"}],"about":[{"href":"https:\/\/www.ecuadoraldia.com.ec\/index.php?rest_route=\/wp\/v2\/types\/post"}],"author":[{"embeddable":true,"href":"https:\/\/www.ecuadoraldia.com.ec\/index.php?rest_route=\/wp\/v2\/users\/1"}],"replies":[{"embeddable":true,"href":"https:\/\/www.ecuadoraldia.com.ec\/index.php?rest_route=%2Fwp%2Fv2%2Fcomments&post=3760"}],"version-history":[{"count":1,"href":"https:\/\/www.ecuadoraldia.com.ec\/index.php?rest_route=\/wp\/v2\/posts\/3760\/revisions"}],"predecessor-version":[{"id":3762,"href":"https:\/\/www.ecuadoraldia.com.ec\/index.php?rest_route=\/wp\/v2\/posts\/3760\/revisions\/3762"}],"wp:attachment":[{"href":"https:\/\/www.ecuadoraldia.com.ec\/index.php?rest_route=%2Fwp%2Fv2%2Fmedia&parent=3760"}],"wp:term":[{"taxonomy":"category","embeddable":true,"href":"https:\/\/www.ecuadoraldia.com.ec\/index.php?rest_route=%2Fwp%2Fv2%2Fcategories&post=3760"},{"taxonomy":"post_tag","embeddable":true,"href":"https:\/\/www.ecuadoraldia.com.ec\/index.php?rest_route=%2Fwp%2Fv2%2Ftags&post=3760"}],"curies":[{"name":"wp","href":"https:\/\/api.w.org\/{rel}","templated":true}]}}