{"id":3763,"date":"2014-07-25T16:39:32","date_gmt":"2014-07-25T16:39:32","guid":{"rendered":"http:\/\/www.ecuadoraldia.com.ec\/?p=3763"},"modified":"2014-07-25T16:39:32","modified_gmt":"2014-07-25T16:39:32","slug":"a-ocho-meses-de-dejar-el-cargo-crece-la-popularidad-de-mujica","status":"publish","type":"post","link":"https:\/\/www.ecuadoraldia.com.ec\/?p=3763","title":{"rendered":"A ocho meses de dejar el cargo, crece la popularidad de Mujica"},"content":{"rendered":"<p><a href=\"http:\/\/www.ecuadoraldia.com.ec\/wp-content\/uploads\/2014\/07\/mujica.jpg\"><img loading=\"lazy\" decoding=\"async\" class=\"alignleft size-medium wp-image-3764\" alt=\"mujica\" src=\"http:\/\/www.ecuadoraldia.com.ec\/wp-content\/uploads\/2014\/07\/mujica-300x168.jpg\" width=\"300\" height=\"168\" srcset=\"https:\/\/www.ecuadoraldia.com.ec\/wp-content\/uploads\/2014\/07\/mujica-300x168.jpg 300w, https:\/\/www.ecuadoraldia.com.ec\/wp-content\/uploads\/2014\/07\/mujica.jpg 770w\" sizes=\"(max-width: 300px) 100vw, 300px\" \/><\/a>Reuters. El apoyo al gobierno de Jos\u00e9 Mujica en Uruguay hab\u00eda ca\u00eddo en 2012 al 41 por ciento, pero desde entonces su aprobaci\u00f3n comenz\u00f3 a subir gradualmente. En 2013, hab\u00eda crecido al 45% y en los \u00faltimos meses comenz\u00f3 a trepar hasta el 56%, seg\u00fan un an\u00e1lisis de la consultora CIFRA.<\/p>\n<p>De esta forma, m\u00e1s de la mitad de los uruguayos aprueba la gesti\u00f3n del presidente, tras cuatro a\u00f1os de actividad y a falta de ocho meses para que finalice la actual administraci\u00f3n. Este es el mayor nivel desde el primer a\u00f1o de su gesti\u00f3n (2010), cuando Mujica lleg\u00f3 a tener un 62% de apoyo.<\/p>\n<p>De acuerdo con el sondeo, en la actualidad un 26% de los uruguayos desaprueba la gesti\u00f3n del mandatario y un 18% no tiene opini\u00f3n formada o prefiere mantenerla en reserva. La encuesta fue realizada del 4 al 15 de julio consultando telef\u00f3nicamente a 1.000 personas residentes en todo el pa\u00eds y tiene un margen de error de +\/- 3 por ciento.<\/p>\n<p>Si se divide por partidos pol\u00edticos, Mujica tiene el respaldo del 87% de quienes se definen como votantes de la gobernante coalici\u00f3n de izquierda Frente Amplio, mientras que el 26% de los simpatizantes del Partido Nacional o \u00abBlanco\u00bb y el 31% de los del Partido Colorado, ambos de oposici\u00f3n, tambi\u00e9n lo apoyan.<\/p>\n<p>Mujica, segundo presidente de izquierda en la historia de Uruguay, entregar\u00e1 el mando el 1\u00ba de marzo de 2015 a quien resulte ganador en las elecciones del 26 de octubre pr\u00f3ximo. El candidato del oficialismo ser\u00e1 el ex presidente Tabar\u00e9 V\u00e1zquez. Por la oposici\u00f3n, competir\u00e1n Luis Lacalle Pou y Pedro Bordaberry.<\/p>\n","protected":false},"excerpt":{"rendered":"<p>Reuters. El apoyo al gobierno de Jos\u00e9 Mujica en Uruguay hab\u00eda ca\u00eddo en 2012 al 41 por ciento, pero desde<\/p>\n","protected":false},"author":1,"featured_media":0,"comment_status":"open","ping_status":"open","sticky":false,"template":"","format":"standard","meta":{"footnotes":""},"categories":[7],"tags":[],"_links":{"self":[{"href":"https:\/\/www.ecuadoraldia.com.ec\/index.php?rest_route=\/wp\/v2\/posts\/3763"}],"collection":[{"href":"https:\/\/www.ecuadoraldia.com.ec\/index.php?rest_route=\/wp\/v2\/posts"}],"about":[{"href":"https:\/\/www.ecuadoraldia.com.ec\/index.php?rest_route=\/wp\/v2\/types\/post"}],"author":[{"embeddable":true,"href":"https:\/\/www.ecuadoraldia.com.ec\/index.php?rest_route=\/wp\/v2\/users\/1"}],"replies":[{"embeddable":true,"href":"https:\/\/www.ecuadoraldia.com.ec\/index.php?rest_route=%2Fwp%2Fv2%2Fcomments&post=3763"}],"version-history":[{"count":1,"href":"https:\/\/www.ecuadoraldia.com.ec\/index.php?rest_route=\/wp\/v2\/posts\/3763\/revisions"}],"predecessor-version":[{"id":3765,"href":"https:\/\/www.ecuadoraldia.com.ec\/index.php?rest_route=\/wp\/v2\/posts\/3763\/revisions\/3765"}],"wp:attachment":[{"href":"https:\/\/www.ecuadoraldia.com.ec\/index.php?rest_route=%2Fwp%2Fv2%2Fmedia&parent=3763"}],"wp:term":[{"taxonomy":"category","embeddable":true,"href":"https:\/\/www.ecuadoraldia.com.ec\/index.php?rest_route=%2Fwp%2Fv2%2Fcategories&post=3763"},{"taxonomy":"post_tag","embeddable":true,"href":"https:\/\/www.ecuadoraldia.com.ec\/index.php?rest_route=%2Fwp%2Fv2%2Ftags&post=3763"}],"curies":[{"name":"wp","href":"https:\/\/api.w.org\/{rel}","templated":true}]}}