{"id":3766,"date":"2014-07-25T16:43:09","date_gmt":"2014-07-25T16:43:09","guid":{"rendered":"http:\/\/www.ecuadoraldia.com.ec\/?p=3766"},"modified":"2014-07-25T16:43:09","modified_gmt":"2014-07-25T16:43:09","slug":"sistema-de-educacion-intercultural-bilingue-cuenta-con-230-nuevos-licenciados-de-pueblos-y-nacionalidades","status":"publish","type":"post","link":"https:\/\/www.ecuadoraldia.com.ec\/?p=3766","title":{"rendered":"Sistema de Educaci\u00f3n Intercultural Biling\u00fce cuenta con 230 nuevos licenciados de pueblos y nacionalidades"},"content":{"rendered":"<p><a href=\"http:\/\/www.ecuadoraldia.com.ec\/wp-content\/uploads\/2014\/07\/educ.jpg\"><img loading=\"lazy\" decoding=\"async\" class=\"alignleft size-medium wp-image-3767\" alt=\"educ\" src=\"http:\/\/www.ecuadoraldia.com.ec\/wp-content\/uploads\/2014\/07\/educ-300x225.jpg\" width=\"300\" height=\"225\" srcset=\"https:\/\/www.ecuadoraldia.com.ec\/wp-content\/uploads\/2014\/07\/educ-300x225.jpg 300w, https:\/\/www.ecuadoraldia.com.ec\/wp-content\/uploads\/2014\/07\/educ.jpg 341w\" sizes=\"(max-width: 300px) 100vw, 300px\" \/><\/a>El Ministerio de Educaci\u00f3n firmar\u00e1 otro convenio con la Universidad de Cuenca para beneficiar a 500 docentes de nacionalidades y pueblos del pa\u00eds, con el fin de que se profesionalicen.<\/p>\n<p>\u201cEste es un Gobierno que est\u00e1 convencido de que la educaci\u00f3n y los maestros pueden cambiar el pa\u00eds\u201d, afirm\u00f3 el viceministro de Educaci\u00f3n, Freddy Pe\u00f1afiel, durante la graduaci\u00f3n de 230 nuevos licenciados en Educaci\u00f3n Intercultural Biling\u00fce, en la Universidad de Cuenca.<\/p>\n<p>Hace cuatro a\u00f1os y seis meses, docentes de los pueblos y nacionalidades Shuar, Kichwa, Achuar, Chachi, Waorani, Cof\u00e1n, Aw\u00e1, S\u00e1para, Shiwiar, Siona y Secoya fueron becados y empezaron sus estudios en Educaci\u00f3n Intercultural Biling\u00fce para profesionalizarse.<\/p>\n<p>El programa de estudios ha sido financiado por el Ministerio de Educaci\u00f3n y ejecutado a trav\u00e9s de un convenio por la Universidad de Cuenca.<\/p>\n<p>El viceministro de Educaci\u00f3n tambi\u00e9n anunci\u00f3 que esta cartera de Estado firmar\u00e1 otro convenio con la Universidad de Cuenca para beneficiar a 500 docentes de nacionalidades y pueblos del pa\u00eds, con el fin de que se profesionalicen.<\/p>\n<p>Con la profesionalizaci\u00f3n de docentes de las nacionalidades y pueblos del Ecuador, el Ministerio de Educaci\u00f3n busca fortalecer el Sistema de Educaci\u00f3n Intercultural Biling\u00fce, las tradiciones y costumbres de los pueblos ancestrales, as\u00ed como brindar una educaci\u00f3n de calidad y calidez.<\/p>\n","protected":false},"excerpt":{"rendered":"<p>El Ministerio de Educaci\u00f3n firmar\u00e1 otro convenio con la Universidad de Cuenca para beneficiar a 500 docentes de nacionalidades y<\/p>\n","protected":false},"author":1,"featured_media":0,"comment_status":"open","ping_status":"open","sticky":false,"template":"","format":"standard","meta":{"footnotes":""},"categories":[4],"tags":[],"_links":{"self":[{"href":"https:\/\/www.ecuadoraldia.com.ec\/index.php?rest_route=\/wp\/v2\/posts\/3766"}],"collection":[{"href":"https:\/\/www.ecuadoraldia.com.ec\/index.php?rest_route=\/wp\/v2\/posts"}],"about":[{"href":"https:\/\/www.ecuadoraldia.com.ec\/index.php?rest_route=\/wp\/v2\/types\/post"}],"author":[{"embeddable":true,"href":"https:\/\/www.ecuadoraldia.com.ec\/index.php?rest_route=\/wp\/v2\/users\/1"}],"replies":[{"embeddable":true,"href":"https:\/\/www.ecuadoraldia.com.ec\/index.php?rest_route=%2Fwp%2Fv2%2Fcomments&post=3766"}],"version-history":[{"count":1,"href":"https:\/\/www.ecuadoraldia.com.ec\/index.php?rest_route=\/wp\/v2\/posts\/3766\/revisions"}],"predecessor-version":[{"id":3768,"href":"https:\/\/www.ecuadoraldia.com.ec\/index.php?rest_route=\/wp\/v2\/posts\/3766\/revisions\/3768"}],"wp:attachment":[{"href":"https:\/\/www.ecuadoraldia.com.ec\/index.php?rest_route=%2Fwp%2Fv2%2Fmedia&parent=3766"}],"wp:term":[{"taxonomy":"category","embeddable":true,"href":"https:\/\/www.ecuadoraldia.com.ec\/index.php?rest_route=%2Fwp%2Fv2%2Fcategories&post=3766"},{"taxonomy":"post_tag","embeddable":true,"href":"https:\/\/www.ecuadoraldia.com.ec\/index.php?rest_route=%2Fwp%2Fv2%2Ftags&post=3766"}],"curies":[{"name":"wp","href":"https:\/\/api.w.org\/{rel}","templated":true}]}}