{"id":3769,"date":"2014-07-25T16:47:44","date_gmt":"2014-07-25T16:47:44","guid":{"rendered":"http:\/\/www.ecuadoraldia.com.ec\/?p=3769"},"modified":"2014-07-25T16:47:44","modified_gmt":"2014-07-25T16:47:44","slug":"reunion-clave-israel-analizara-un-posible-alto-el-fuego","status":"publish","type":"post","link":"https:\/\/www.ecuadoraldia.com.ec\/?p=3769","title":{"rendered":"Reuni\u00f3n clave: Israel analizar\u00e1 un posible alto el fuego"},"content":{"rendered":"<p><a href=\"http:\/\/www.ecuadoraldia.com.ec\/wp-content\/uploads\/2014\/07\/irra.jpg\"><img loading=\"lazy\" decoding=\"async\" class=\"alignleft size-medium wp-image-3770\" alt=\"irra\" src=\"http:\/\/www.ecuadoraldia.com.ec\/wp-content\/uploads\/2014\/07\/irra-300x168.jpg\" width=\"300\" height=\"168\" srcset=\"https:\/\/www.ecuadoraldia.com.ec\/wp-content\/uploads\/2014\/07\/irra-300x168.jpg 300w, https:\/\/www.ecuadoraldia.com.ec\/wp-content\/uploads\/2014\/07\/irra.jpg 770w\" sizes=\"(max-width: 300px) 100vw, 300px\" \/><\/a>\u00a0Seg\u00fan el diario Yediot Aharonot, la reuni\u00f3n est\u00e1 previsto que comience pasado el mediod\u00eda, y en ella podr\u00edan estudiarse tanto las \u00faltimas propuestas internacionales, como la opci\u00f3n de ampliar la ofensiva militar en curso, que ya se prolonga 18 d\u00edas.<\/p>\n<p>Una fuente de la Oficina del Primer Ministro israel\u00ed confirm\u00f3 a la agenica de noticias Efe la reuni\u00f3n del Gabinete de seguridad, si bien declin\u00f3 especificar la agenda o el contenido de sus deliberaciones.<\/p>\n<p>El secretario de Estado de EEUU, John Kerry, ha ofrecido a israel\u00edes y palestinos una iniciativa en dos fases para lograr un alto el fuego en la Franja de Gaza y con una suspensi\u00f3n de hostilidades de una semana de duraci\u00f3n que comenzar\u00eda el s\u00e1bado.<\/p>\n<p>Kerry, que tiene previsto abandonar la regi\u00f3n este viernes desde El Cairo para regresar a Washington, est\u00e1 a la espera de recibir una respuesta sobre su iniciativa por parte de Israel, as\u00ed como de los ministros de Asuntos Exteriores de Catar y Turqu\u00eda y del dirigente del bur\u00f3 pol\u00edtico de Ham\u00e1s en el exilio, Jaled Meshal.<\/p>\n<p>ISRAEL BUSCA EL DESARME DE GAZA DE COHETES Y T\u00daNELES, Y HAM\u00c1S EL FIN DEL BLOQUEO ISRAEL\u00cd<\/p>\n<p>Fuentes oficiales israel\u00edes citadas por el diario Haaretz dijeron que la iniciativa fue presentada al primer ministro israel\u00ed, Benjam\u00edn Netanyahu, en una reuni\u00f3n que ambos mantuvieron el mi\u00e9rcoles en Tel Aviv e incluye varios puntos.<\/p>\n<p>El primero, un cese del fuego temporal que deber\u00eda iniciarse el s\u00e1bado y durante el cual, las fuerzas israel\u00edes no abandonar\u00e1n la Franja de Gaza por completo y continuar\u00e1n localizando y destruyendo t\u00faneles de Ham\u00e1s.<\/p>\n<p>De acuerdo al New York Times, la presencia de soldados israel\u00edes en la Franja palestina es uno de los aspectos m\u00e1s problem\u00e1ticos de la propuesta sometida a negociaci\u00f3n.<\/p>\n<p>Durante siete d\u00edas, Israel y Ham\u00e1s deber\u00e1n negociar los t\u00e9rminos de un acuerdo m\u00e1s permanente con la mediaci\u00f3n de Egipto. La Autoridad Nacional Palestina (ANP) participar\u00e1 en estas conversaciones, a\u00f1ade el rotativo de Tel Aviv.<\/p>\n<p>Otro punto de la propuesta es que EEUU, el secretario general de la ONU y la UE proveer\u00e1n garant\u00edas a ambas partes de que las negociaciones atajen todas las cuestiones importantes para las partes: para Israel el desarme de Gaza de cohetes y t\u00faneles, y para Ham\u00e1s el fin del bloqueo y la reconstrucci\u00f3n de Gaza.<\/p>\n<p>En la capital egipcia Kerry ha mantenido maratonianas conversaciones el jueves con cada actor internacional involucrado en ejercer presi\u00f3n sobre Ham\u00e1s, especialmente a Meshal, que reside en la capital de Catar, Doha.(Infobae\u00a0Haaretz.com.)<\/p>\n","protected":false},"excerpt":{"rendered":"<p>\u00a0Seg\u00fan el diario Yediot Aharonot, la reuni\u00f3n est\u00e1 previsto que comience pasado el mediod\u00eda, y en ella podr\u00edan estudiarse tanto<\/p>\n","protected":false},"author":1,"featured_media":0,"comment_status":"open","ping_status":"open","sticky":false,"template":"","format":"standard","meta":{"footnotes":""},"categories":[7],"tags":[],"_links":{"self":[{"href":"https:\/\/www.ecuadoraldia.com.ec\/index.php?rest_route=\/wp\/v2\/posts\/3769"}],"collection":[{"href":"https:\/\/www.ecuadoraldia.com.ec\/index.php?rest_route=\/wp\/v2\/posts"}],"about":[{"href":"https:\/\/www.ecuadoraldia.com.ec\/index.php?rest_route=\/wp\/v2\/types\/post"}],"author":[{"embeddable":true,"href":"https:\/\/www.ecuadoraldia.com.ec\/index.php?rest_route=\/wp\/v2\/users\/1"}],"replies":[{"embeddable":true,"href":"https:\/\/www.ecuadoraldia.com.ec\/index.php?rest_route=%2Fwp%2Fv2%2Fcomments&post=3769"}],"version-history":[{"count":1,"href":"https:\/\/www.ecuadoraldia.com.ec\/index.php?rest_route=\/wp\/v2\/posts\/3769\/revisions"}],"predecessor-version":[{"id":3771,"href":"https:\/\/www.ecuadoraldia.com.ec\/index.php?rest_route=\/wp\/v2\/posts\/3769\/revisions\/3771"}],"wp:attachment":[{"href":"https:\/\/www.ecuadoraldia.com.ec\/index.php?rest_route=%2Fwp%2Fv2%2Fmedia&parent=3769"}],"wp:term":[{"taxonomy":"category","embeddable":true,"href":"https:\/\/www.ecuadoraldia.com.ec\/index.php?rest_route=%2Fwp%2Fv2%2Fcategories&post=3769"},{"taxonomy":"post_tag","embeddable":true,"href":"https:\/\/www.ecuadoraldia.com.ec\/index.php?rest_route=%2Fwp%2Fv2%2Ftags&post=3769"}],"curies":[{"name":"wp","href":"https:\/\/api.w.org\/{rel}","templated":true}]}}