{"id":3815,"date":"2014-07-31T14:00:40","date_gmt":"2014-07-31T14:00:40","guid":{"rendered":"http:\/\/www.ecuadoraldia.com.ec\/?p=3815"},"modified":"2014-07-31T14:00:40","modified_gmt":"2014-07-31T14:00:40","slug":"ruta-a-tababela-con-nuevos-accesos","status":"publish","type":"post","link":"https:\/\/www.ecuadoraldia.com.ec\/?p=3815","title":{"rendered":"Ruta a Tababela con nuevos  accesos"},"content":{"rendered":"<p><a href=\"http:\/\/www.ecuadoraldia.com.ec\/wp-content\/uploads\/2014\/07\/collac1.jpg\"><img loading=\"lazy\" decoding=\"async\" class=\"alignleft size-medium wp-image-3816\" alt=\"UIO DESDE EL SECTOR NORTE DE LA CIUDAD SE PUEDE OBSERVAR EL AVANCE DE\" src=\"http:\/\/www.ecuadoraldia.com.ec\/wp-content\/uploads\/2014\/07\/collac1-300x199.jpg\" width=\"300\" height=\"199\" srcset=\"https:\/\/www.ecuadoraldia.com.ec\/wp-content\/uploads\/2014\/07\/collac1-300x199.jpg 300w, https:\/\/www.ecuadoraldia.com.ec\/wp-content\/uploads\/2014\/07\/collac1.jpg 800w\" sizes=\"(max-width: 300px) 100vw, 300px\" \/><\/a>La apertura de la Ruta Collas al tr\u00e1nsito facilita desde la noche del martes el acceso de viajeros al aeropuerto de Quito (Tababela), desde el norte de la ciudad, e Imbabura y Carchi. As\u00ed, llegar desde barrios capitalinos como San Carlos, Rumi\u00f1ahui o Ponciano hasta el nuevo aer\u00f3dromo, tomar\u00e1 42 minutos, seg\u00fan c\u00e1lculos del Ministerio de Transporte y Obras P\u00fablicas (MTOP).<\/p>\n<p>Virginia Le\u00f3n, quien vive en el barrio Andaluc\u00eda, en el norte de la ciudad, dijo es \u201cuna ventaja que hayan terminado la carretera\u201d porque antes le tomaba m\u00e1s de una hora llegar al aeropuerto para viajar a Guayaquil, mientras que ayer le tom\u00f3 alrededor de 40 minutos.<\/p>\n<p>En tanto que quienes provienen de las provincias norandinas ya no necesitan ingresar a la urbe para llegar al Mariscal Sucre. Quienes se dirigen hacia el centro-norte o sur de la capital, tampoco necesitan entrar a Quito; a partir de la nueva arteria pueden tomar la V\u00eda Interoce\u00e1nica o la carretera E-35.<\/p>\n<p>De acuerdo con el Ejecutivo, se prev\u00e9 que la Ruta Collas beneficie a unos 2 millones de personas y que por ella circulen diariamente alrededor de 5 mil veh\u00edculos.<\/p>\n<p>El inicio de la circulaci\u00f3n de automotores, a las 18:00 de anteayer, coincide con el anuncio del Presidente de la Rep\u00fablica, quien el 29 de junio asegur\u00f3 que la carretera estar\u00eda habilitada a fines de este mes.<\/p>\n<p>Con Collas, el aeropuerto capitalino cuenta ahora con 2 accesos directos. El otro es la mencionada V\u00eda Interoce\u00e1nica, que une a la infraestructura con el centro-norte urbano y el resto del valle de Tumbaco.<\/p>\n<p>Durante su recorrido por la Ruta Collas, a finales de junio, el Jefe de Estado anunci\u00f3 tambi\u00e9n que debido a la inversi\u00f3n ($ 198 millones) se ha previsto la colocaci\u00f3n de un peaje, cuyos estudios tomar\u00edan 60 d\u00edas.<\/p>\n<p>La tarifa todav\u00eda no est\u00e1 determinada pero, seg\u00fan el Presidente, significar\u00e1 \u201cuna m\u00ednima parte del costo de un embarque de flores\u201d. De hecho, los floricultores est\u00e1n incluidos entre los beneficiarios.<\/p>\n<p>Pedro Ango, otavale\u00f1o que viaja 2 o 3 veces al a\u00f1o a EE.UU., no solo destac\u00f3 el ahorro de tiempo, sino que \u201ces tan buena la carretera que se justificar\u00eda pagar un peaje\u201d.<\/p>\n","protected":false},"excerpt":{"rendered":"<p>La apertura de la Ruta Collas al tr\u00e1nsito facilita desde la noche del martes el acceso de viajeros al aeropuerto<\/p>\n","protected":false},"author":1,"featured_media":0,"comment_status":"open","ping_status":"open","sticky":false,"template":"","format":"standard","meta":{"footnotes":""},"categories":[14,1],"tags":[],"_links":{"self":[{"href":"https:\/\/www.ecuadoraldia.com.ec\/index.php?rest_route=\/wp\/v2\/posts\/3815"}],"collection":[{"href":"https:\/\/www.ecuadoraldia.com.ec\/index.php?rest_route=\/wp\/v2\/posts"}],"about":[{"href":"https:\/\/www.ecuadoraldia.com.ec\/index.php?rest_route=\/wp\/v2\/types\/post"}],"author":[{"embeddable":true,"href":"https:\/\/www.ecuadoraldia.com.ec\/index.php?rest_route=\/wp\/v2\/users\/1"}],"replies":[{"embeddable":true,"href":"https:\/\/www.ecuadoraldia.com.ec\/index.php?rest_route=%2Fwp%2Fv2%2Fcomments&post=3815"}],"version-history":[{"count":1,"href":"https:\/\/www.ecuadoraldia.com.ec\/index.php?rest_route=\/wp\/v2\/posts\/3815\/revisions"}],"predecessor-version":[{"id":3817,"href":"https:\/\/www.ecuadoraldia.com.ec\/index.php?rest_route=\/wp\/v2\/posts\/3815\/revisions\/3817"}],"wp:attachment":[{"href":"https:\/\/www.ecuadoraldia.com.ec\/index.php?rest_route=%2Fwp%2Fv2%2Fmedia&parent=3815"}],"wp:term":[{"taxonomy":"category","embeddable":true,"href":"https:\/\/www.ecuadoraldia.com.ec\/index.php?rest_route=%2Fwp%2Fv2%2Fcategories&post=3815"},{"taxonomy":"post_tag","embeddable":true,"href":"https:\/\/www.ecuadoraldia.com.ec\/index.php?rest_route=%2Fwp%2Fv2%2Ftags&post=3815"}],"curies":[{"name":"wp","href":"https:\/\/api.w.org\/{rel}","templated":true}]}}