{"id":3821,"date":"2014-07-31T14:08:58","date_gmt":"2014-07-31T14:08:58","guid":{"rendered":"http:\/\/www.ecuadoraldia.com.ec\/?p=3821"},"modified":"2014-07-31T14:08:58","modified_gmt":"2014-07-31T14:08:58","slug":"paises-de-la-celac-aprueban-acuerdo-para-cooperacion","status":"publish","type":"post","link":"https:\/\/www.ecuadoraldia.com.ec\/?p=3821","title":{"rendered":"Pa\u00edses de la Celac aprueban acuerdo para cooperaci\u00f3n"},"content":{"rendered":"<p><a href=\"http:\/\/www.ecuadoraldia.com.ec\/wp-content\/uploads\/2014\/07\/CELAc1.jpg\"><img loading=\"lazy\" decoding=\"async\" class=\"alignleft size-medium wp-image-3822\" alt=\"CELAc1\" src=\"http:\/\/www.ecuadoraldia.com.ec\/wp-content\/uploads\/2014\/07\/CELAc1-300x180.jpg\" width=\"300\" height=\"180\" srcset=\"https:\/\/www.ecuadoraldia.com.ec\/wp-content\/uploads\/2014\/07\/CELAc1-300x180.jpg 300w, https:\/\/www.ecuadoraldia.com.ec\/wp-content\/uploads\/2014\/07\/CELAc1.jpg 696w\" sizes=\"(max-width: 300px) 100vw, 300px\" \/><\/a>Los representantes de 33 pa\u00edses que integran la Comunidad de Estados Latinoamericanos y Caribe\u00f1os (Celac) participaron de la II reuni\u00f3n del Grupo de Trabajo de Cooperaci\u00f3n Internacional en Costa Rica.<\/p>\n<p>Uno de los logros trascendentes, que concretaron durante los dos d\u00edas los funcionarios, fue la aprobaci\u00f3n del marco conceptual de la Cooperaci\u00f3n Internacional para el Desarrollo, que plasma la visi\u00f3n latinoamericana y caribe\u00f1a sobre la Cooperaci\u00f3n Sur-Sur, seg\u00fan detall\u00f3 Gabriela Rosero, titular de la Secretaria T\u00e9cnica de Cooperaci\u00f3n Internacional.<\/p>\n<p>La funcionaria explic\u00f3 que esta actividad cumple con los lineamientos para la cooperaci\u00f3n en este espacio de integraci\u00f3n latinoamericana y los principios en los que se fundamenta tanto intrarregi\u00f3n, como extrarregi\u00f3n: la solidaridad, el consenso, la horizontalidad, la no condicionalidad y el respeto a la soberan\u00eda.<\/p>\n<p>Adicionalmente, los funcionarios definieron la hoja de ruta para el tercer encuentro.<\/p>\n<p>Rosero recalc\u00f3 que es de anotar que la Celac ha trazado grandes metas, levantando cimientos para el desarrollo de la Cooperaci\u00f3n Internacional, y trabajando en mecanismos que permitan guiar las acciones regionales. Ecuador busca fomentar el desarrollo regional fomentando la cooperaci\u00f3n.<\/p>\n<p>Costa Rica es el primer pa\u00eds centroamericano en asumir la direcci\u00f3n del bloque, que congrega a las naciones de Am\u00e9rica salvo a Estados Unidos y Canad\u00e1.<\/p>\n<p>Ecuador asumir\u00e1 la Presidencia Pro T\u00e9mpore de la Celac desde enero 2015.<\/p>\n","protected":false},"excerpt":{"rendered":"<p>Los representantes de 33 pa\u00edses que integran la Comunidad de Estados Latinoamericanos y Caribe\u00f1os (Celac) participaron de la II reuni\u00f3n<\/p>\n","protected":false},"author":1,"featured_media":0,"comment_status":"open","ping_status":"open","sticky":false,"template":"","format":"standard","meta":{"footnotes":""},"categories":[1],"tags":[],"_links":{"self":[{"href":"https:\/\/www.ecuadoraldia.com.ec\/index.php?rest_route=\/wp\/v2\/posts\/3821"}],"collection":[{"href":"https:\/\/www.ecuadoraldia.com.ec\/index.php?rest_route=\/wp\/v2\/posts"}],"about":[{"href":"https:\/\/www.ecuadoraldia.com.ec\/index.php?rest_route=\/wp\/v2\/types\/post"}],"author":[{"embeddable":true,"href":"https:\/\/www.ecuadoraldia.com.ec\/index.php?rest_route=\/wp\/v2\/users\/1"}],"replies":[{"embeddable":true,"href":"https:\/\/www.ecuadoraldia.com.ec\/index.php?rest_route=%2Fwp%2Fv2%2Fcomments&post=3821"}],"version-history":[{"count":2,"href":"https:\/\/www.ecuadoraldia.com.ec\/index.php?rest_route=\/wp\/v2\/posts\/3821\/revisions"}],"predecessor-version":[{"id":3824,"href":"https:\/\/www.ecuadoraldia.com.ec\/index.php?rest_route=\/wp\/v2\/posts\/3821\/revisions\/3824"}],"wp:attachment":[{"href":"https:\/\/www.ecuadoraldia.com.ec\/index.php?rest_route=%2Fwp%2Fv2%2Fmedia&parent=3821"}],"wp:term":[{"taxonomy":"category","embeddable":true,"href":"https:\/\/www.ecuadoraldia.com.ec\/index.php?rest_route=%2Fwp%2Fv2%2Fcategories&post=3821"},{"taxonomy":"post_tag","embeddable":true,"href":"https:\/\/www.ecuadoraldia.com.ec\/index.php?rest_route=%2Fwp%2Fv2%2Ftags&post=3821"}],"curies":[{"name":"wp","href":"https:\/\/api.w.org\/{rel}","templated":true}]}}