{"id":3825,"date":"2014-08-02T01:52:01","date_gmt":"2014-08-02T01:52:01","guid":{"rendered":"http:\/\/www.ecuadoraldia.com.ec\/?p=3825"},"modified":"2014-08-02T01:52:01","modified_gmt":"2014-08-02T01:52:01","slug":"declaran-a-6-policias-culpables-de-intentar-asesinar-a-correa-el-30-s","status":"publish","type":"post","link":"https:\/\/www.ecuadoraldia.com.ec\/?p=3825","title":{"rendered":"Declaran a 6 polic\u00edas culpables de intentar asesinar a Correa el 30-S"},"content":{"rendered":"<p><a href=\"http:\/\/www.ecuadoraldia.com.ec\/wp-content\/uploads\/2014\/08\/30s.jpg\"><img loading=\"lazy\" decoding=\"async\" class=\"alignleft size-medium wp-image-3826\" src=\"http:\/\/www.ecuadoraldia.com.ec\/wp-content\/uploads\/2014\/08\/30s-300x195.jpg\" alt=\"30s\" width=\"300\" height=\"195\" srcset=\"https:\/\/www.ecuadoraldia.com.ec\/wp-content\/uploads\/2014\/08\/30s-300x195.jpg 300w, https:\/\/www.ecuadoraldia.com.ec\/wp-content\/uploads\/2014\/08\/30s.jpg 537w\" sizes=\"(max-width: 300px) 100vw, 300px\" \/><\/a>El tribunal s\u00e9ptimo de Garant\u00edas Penales de Pichincha declar\u00f3 hoy culpables a seis polic\u00edas de intentar asesinar al presidente Rafael Correa durante una rebeli\u00f3n de uniformados en 2010, inform\u00f3 la Fiscal\u00eda.<\/p>\n<p>El tribunal hall\u00f3 culpables a los uniformados -actualmente presos- por intento de magnicidio y fijar\u00e1 la sentencia en los pr\u00f3ximos d\u00edas.<\/p>\n<p>La ley penal establece condenas de ocho a doce a\u00f1os de prisi\u00f3n para el delito de tentativa de magnicidio.<\/p>\n<p>El fiscal del caso, Gustavo Ben\u00edtez, dijo a la prensa que los seis uniformados estaban en los alrededores de un hospital donde se refugi\u00f3 Correa durante la rebeli\u00f3n del 30 de septiembre de 2010, del cual fue rescatado por militares en medio de un tiroteo.<\/p>\n<p>\u00abA estas personas se les puede ver en los videos con armas, tapados el rostro y dispuestos a disparar contra el mandatario\u00bb, agreg\u00f3.<\/p>\n<p>El mandatario y la Organizaci\u00f3n de Estados Americanos (OEA) denunciaron el hecho como un intento de golpe de Estado.<\/p>\n<p>Entretanto, Aurelio Gar\u00f3falo, abogado de uno de los condenados, manifest\u00f3 que la justicia fue \u00abatropellada\u00bb al dictarse una sentencia sin pruebas.<\/p>\n<p>Doce polic\u00edas, incluidos los seis contra los que fall\u00f3 la justicia este viernes, han sido procesados por el intento de asesinato de Correa. La justicia ha condenado en total a 40 personas por sus v\u00ednculos con la rebeli\u00f3n.<\/p>\n<p>La protesta de uniformados que reclamaban contra una reforma salarial dej\u00f3 diez muertos y 274 heridos.<\/p>\n<p>El mandatario, en el poder desde 2007, fue agredido en un regimiento cuando intentaba aplacar la manifestaci\u00f3n, tras lo cual se refugi\u00f3 en un hospital cercano donde, asegura, fue retenido por polic\u00edas insurrectos.<\/p>\n<p>AFP<\/p>\n","protected":false},"excerpt":{"rendered":"<p>El tribunal s\u00e9ptimo de Garant\u00edas Penales de Pichincha declar\u00f3 hoy culpables a seis polic\u00edas de intentar asesinar al presidente Rafael<\/p>\n","protected":false},"author":1,"featured_media":0,"comment_status":"open","ping_status":"open","sticky":false,"template":"","format":"standard","meta":{"footnotes":""},"categories":[5],"tags":[],"_links":{"self":[{"href":"https:\/\/www.ecuadoraldia.com.ec\/index.php?rest_route=\/wp\/v2\/posts\/3825"}],"collection":[{"href":"https:\/\/www.ecuadoraldia.com.ec\/index.php?rest_route=\/wp\/v2\/posts"}],"about":[{"href":"https:\/\/www.ecuadoraldia.com.ec\/index.php?rest_route=\/wp\/v2\/types\/post"}],"author":[{"embeddable":true,"href":"https:\/\/www.ecuadoraldia.com.ec\/index.php?rest_route=\/wp\/v2\/users\/1"}],"replies":[{"embeddable":true,"href":"https:\/\/www.ecuadoraldia.com.ec\/index.php?rest_route=%2Fwp%2Fv2%2Fcomments&post=3825"}],"version-history":[{"count":1,"href":"https:\/\/www.ecuadoraldia.com.ec\/index.php?rest_route=\/wp\/v2\/posts\/3825\/revisions"}],"predecessor-version":[{"id":3827,"href":"https:\/\/www.ecuadoraldia.com.ec\/index.php?rest_route=\/wp\/v2\/posts\/3825\/revisions\/3827"}],"wp:attachment":[{"href":"https:\/\/www.ecuadoraldia.com.ec\/index.php?rest_route=%2Fwp%2Fv2%2Fmedia&parent=3825"}],"wp:term":[{"taxonomy":"category","embeddable":true,"href":"https:\/\/www.ecuadoraldia.com.ec\/index.php?rest_route=%2Fwp%2Fv2%2Fcategories&post=3825"},{"taxonomy":"post_tag","embeddable":true,"href":"https:\/\/www.ecuadoraldia.com.ec\/index.php?rest_route=%2Fwp%2Fv2%2Ftags&post=3825"}],"curies":[{"name":"wp","href":"https:\/\/api.w.org\/{rel}","templated":true}]}}