{"id":3828,"date":"2014-08-02T01:53:44","date_gmt":"2014-08-02T01:53:44","guid":{"rendered":"http:\/\/www.ecuadoraldia.com.ec\/?p=3828"},"modified":"2014-08-02T01:53:44","modified_gmt":"2014-08-02T01:53:44","slug":"gaza-otros-19-palestinos-muertos-en-gaza-balance-del-viernes-sube-a-91","status":"publish","type":"post","link":"https:\/\/www.ecuadoraldia.com.ec\/?p=3828","title":{"rendered":"Gaza: otros 19 palestinos muertos en Gaza, balance del viernes sube a 91"},"content":{"rendered":"<p><a href=\"http:\/\/www.ecuadoraldia.com.ec\/wp-content\/uploads\/2014\/08\/gaza.jpg\"><img loading=\"lazy\" decoding=\"async\" class=\"alignleft size-medium wp-image-3829\" src=\"http:\/\/www.ecuadoraldia.com.ec\/wp-content\/uploads\/2014\/08\/gaza-300x197.jpg\" alt=\"gaza\" width=\"300\" height=\"197\" srcset=\"https:\/\/www.ecuadoraldia.com.ec\/wp-content\/uploads\/2014\/08\/gaza-300x197.jpg 300w, https:\/\/www.ecuadoraldia.com.ec\/wp-content\/uploads\/2014\/08\/gaza.jpg 797w\" sizes=\"(max-width: 300px) 100vw, 300px\" \/><\/a>Durante la noche, la aviaci\u00f3n israel\u00ed lanz\u00f3 tres ataques en Rafah, donde el oficial habr\u00eda sido capturado.<\/p>\n<p>Antes, los cuerpos de cinco palestinos fueron encontrados entre los escombros de casas y otros dos murieron en Rafah por disparos de obuses de tanque, precis\u00f3 el portavoz de los servicios de rescate, Achraf al-Qodra.<\/p>\n<p>Otros tres palestinos murieron en la noche por impactos de obuses de tanque en Jan Yun\u00e9s, tambi\u00e9n en el sur, precis\u00f3 el portavoz.<\/p>\n<p>Los ataques se dan despu\u00e9s de la desaparici\u00f3n del soldado israel\u00ed probablemente capturado en la franja de Gaza, cerca de Rafah (sur).<\/p>\n<p>Las posibilidades de tregua parecen cada vez m\u00e1s alejadas luego de la captura por el enemigo de un subteniente de 23 a\u00f1os, Hadar Goldin, cerca de Rafah.<\/p>\n<p>Dos soldados israel\u00edes tambi\u00e9n murieron en el enfrentamiento.<\/p>\n<p>M\u00e1s de 1.500 palestinos, en su mayor\u00eda civiles han muerto desde el inicio de la ofensiva.<\/p>\n<p>AFP<\/p>\n","protected":false},"excerpt":{"rendered":"<p>Durante la noche, la aviaci\u00f3n israel\u00ed lanz\u00f3 tres ataques en Rafah, donde el oficial habr\u00eda sido capturado. Antes, los cuerpos<\/p>\n","protected":false},"author":1,"featured_media":0,"comment_status":"open","ping_status":"open","sticky":false,"template":"","format":"standard","meta":{"footnotes":""},"categories":[7],"tags":[],"_links":{"self":[{"href":"https:\/\/www.ecuadoraldia.com.ec\/index.php?rest_route=\/wp\/v2\/posts\/3828"}],"collection":[{"href":"https:\/\/www.ecuadoraldia.com.ec\/index.php?rest_route=\/wp\/v2\/posts"}],"about":[{"href":"https:\/\/www.ecuadoraldia.com.ec\/index.php?rest_route=\/wp\/v2\/types\/post"}],"author":[{"embeddable":true,"href":"https:\/\/www.ecuadoraldia.com.ec\/index.php?rest_route=\/wp\/v2\/users\/1"}],"replies":[{"embeddable":true,"href":"https:\/\/www.ecuadoraldia.com.ec\/index.php?rest_route=%2Fwp%2Fv2%2Fcomments&post=3828"}],"version-history":[{"count":1,"href":"https:\/\/www.ecuadoraldia.com.ec\/index.php?rest_route=\/wp\/v2\/posts\/3828\/revisions"}],"predecessor-version":[{"id":3830,"href":"https:\/\/www.ecuadoraldia.com.ec\/index.php?rest_route=\/wp\/v2\/posts\/3828\/revisions\/3830"}],"wp:attachment":[{"href":"https:\/\/www.ecuadoraldia.com.ec\/index.php?rest_route=%2Fwp%2Fv2%2Fmedia&parent=3828"}],"wp:term":[{"taxonomy":"category","embeddable":true,"href":"https:\/\/www.ecuadoraldia.com.ec\/index.php?rest_route=%2Fwp%2Fv2%2Fcategories&post=3828"},{"taxonomy":"post_tag","embeddable":true,"href":"https:\/\/www.ecuadoraldia.com.ec\/index.php?rest_route=%2Fwp%2Fv2%2Ftags&post=3828"}],"curies":[{"name":"wp","href":"https:\/\/api.w.org\/{rel}","templated":true}]}}