{"id":3831,"date":"2014-08-02T01:56:35","date_gmt":"2014-08-02T01:56:35","guid":{"rendered":"http:\/\/www.ecuadoraldia.com.ec\/?p=3831"},"modified":"2014-08-02T01:56:35","modified_gmt":"2014-08-02T01:56:35","slug":"foandos-previsionales-pasan-primer-debate","status":"publish","type":"post","link":"https:\/\/www.ecuadoraldia.com.ec\/?p=3831","title":{"rendered":"Foandos previsionales pasan primer debate"},"content":{"rendered":"<p><a href=\"http:\/\/www.ecuadoraldia.com.ec\/wp-content\/uploads\/2014\/08\/bcrri.jpg\"><img loading=\"lazy\" decoding=\"async\" class=\"alignleft size-medium wp-image-3832\" src=\"http:\/\/www.ecuadoraldia.com.ec\/wp-content\/uploads\/2014\/08\/bcrri-300x167.jpg\" alt=\"bcrri\" width=\"300\" height=\"167\" srcset=\"https:\/\/www.ecuadoraldia.com.ec\/wp-content\/uploads\/2014\/08\/bcrri-300x167.jpg 300w, https:\/\/www.ecuadoraldia.com.ec\/wp-content\/uploads\/2014\/08\/bcrri.jpg 800w\" sizes=\"(max-width: 300px) 100vw, 300px\" \/><\/a>Afuera de la Asamblea est\u00e1n los maestros afiliados a la Uni\u00f3n Nacional de Educadores y los trabajadores de los Fondos de Cesant\u00eda de esa instituci\u00f3n. Protestan contra el proyecto de Ley Reformatoria a la Ley de Seguridad Social y a la Ley del Banco del Instituto Ecuatoriano de Seguridad Social (Biess), que se analiza, en primer debate, en el pleno de la Funci\u00f3n Legislativa.<\/p>\n<p>Nadia Alvarado, una de las 2.000 empleadas de los 64 fondos que existen a escala nacional, dice que el Estado no puede administrar el dinero privado. \u00abNo tienen derecho a tocar nuestros bolsillos. El proyecto no tiene fundamentaci\u00f3n legal\u00bb, asegura.<\/p>\n<p>Mientras eso ocurre afuera, el Pleno recibe en comisi\u00f3n general a los representantes de los fondos y del Biess. M\u00f3nica Ayala, del Fondo de Cesant\u00eda del Magisterio Ecuatoriano (FCME), demanda archivar el proyecto de ley porque, dice, ha violentado la norma jur\u00eddica de la propia Asamblea. \u00abHay dos proyectos sobre el tema. Es nuestro dinero que sale del esfuerzo y del salario de cada uno, no del Estado\u00bb, dice entre los aplausos de la oposici\u00f3n.<\/p>\n<p>Pero Betty Carrillo, legisladora del oficialismo y presidenta de la Comisi\u00f3n de los Derechos de los Trabajadores y la Seguridad Social, expone las bondades de la propuesta.<\/p>\n<p>Golpea su escritorio con fuerza, gesticula y grita: \u00ab\u00a1Mentira! La oposici\u00f3n ha dicho que el Gobierno se quiere apropiar del dinero de los maestros\u00bb. Mueve los brazos, como una pol\u00edtica en campa\u00f1a electoral, y muestra el informe de la comisi\u00f3n. \u00abEl fondo de cesant\u00eda es un remedo a la pol\u00edtica neoliberal de Pinochet&#8230; ahora las cosas han cambiado, no permitiremos que malos administradores se aprovechen de la ingenuidad de la gente\u00bb, dice.<\/p>\n<p>Sus palabras causan efecto en la oposici\u00f3n, que se mira incr\u00e9dula, y en la barra alta. All\u00ed est\u00e1n algunos profesores de la UNE y otros de la Red de Maestros por la Revoluci\u00f3n, aliada al Gobierno. Los de la UNE se acercan a la mampara de vidrio, que los protege, y muestran carteles en contra de la ley.<\/p>\n<p>Cristina Reyes, la asamble\u00edsta de Madera de Guerero, explica la lectura pol\u00edtica y econ\u00f3mica a ese repentino informe del proyecto no debatido en la comisi\u00f3n. El oficialismo ha descalificado a los maestros, pero \u00abnosotros no defendemos partidos sino principios y libertades\u00bb. El Gobierno tendr\u00e1 mayores recursos al manejar todos los fondos de cesant\u00edas. \u00abAP tiene miedo al pronunciamiento popular. Ellos tienen mayor\u00eda, eso les da un aire de legalidad, pero nunca de legitimidad\u00bb, sostiene. Las cifras confirman la tesis de Reyes: los 64 fondos tendr\u00edan un capital de \u00ab1.127 millones de d\u00f3lares\u00bb.<\/p>\n","protected":false},"excerpt":{"rendered":"<p>Afuera de la Asamblea est\u00e1n los maestros afiliados a la Uni\u00f3n Nacional de Educadores y los trabajadores de los Fondos<\/p>\n","protected":false},"author":1,"featured_media":0,"comment_status":"open","ping_status":"open","sticky":false,"template":"","format":"standard","meta":{"footnotes":""},"categories":[3],"tags":[],"_links":{"self":[{"href":"https:\/\/www.ecuadoraldia.com.ec\/index.php?rest_route=\/wp\/v2\/posts\/3831"}],"collection":[{"href":"https:\/\/www.ecuadoraldia.com.ec\/index.php?rest_route=\/wp\/v2\/posts"}],"about":[{"href":"https:\/\/www.ecuadoraldia.com.ec\/index.php?rest_route=\/wp\/v2\/types\/post"}],"author":[{"embeddable":true,"href":"https:\/\/www.ecuadoraldia.com.ec\/index.php?rest_route=\/wp\/v2\/users\/1"}],"replies":[{"embeddable":true,"href":"https:\/\/www.ecuadoraldia.com.ec\/index.php?rest_route=%2Fwp%2Fv2%2Fcomments&post=3831"}],"version-history":[{"count":1,"href":"https:\/\/www.ecuadoraldia.com.ec\/index.php?rest_route=\/wp\/v2\/posts\/3831\/revisions"}],"predecessor-version":[{"id":3833,"href":"https:\/\/www.ecuadoraldia.com.ec\/index.php?rest_route=\/wp\/v2\/posts\/3831\/revisions\/3833"}],"wp:attachment":[{"href":"https:\/\/www.ecuadoraldia.com.ec\/index.php?rest_route=%2Fwp%2Fv2%2Fmedia&parent=3831"}],"wp:term":[{"taxonomy":"category","embeddable":true,"href":"https:\/\/www.ecuadoraldia.com.ec\/index.php?rest_route=%2Fwp%2Fv2%2Fcategories&post=3831"},{"taxonomy":"post_tag","embeddable":true,"href":"https:\/\/www.ecuadoraldia.com.ec\/index.php?rest_route=%2Fwp%2Fv2%2Ftags&post=3831"}],"curies":[{"name":"wp","href":"https:\/\/api.w.org\/{rel}","templated":true}]}}