{"id":3837,"date":"2014-08-02T01:58:29","date_gmt":"2014-08-02T01:58:29","guid":{"rendered":"http:\/\/www.ecuadoraldia.com.ec\/?p=3837"},"modified":"2014-08-02T01:58:29","modified_gmt":"2014-08-02T01:58:29","slug":"correa-fondos-del-magisterio-nacieron-con-el-aporte-del-estado","status":"publish","type":"post","link":"https:\/\/www.ecuadoraldia.com.ec\/?p=3837","title":{"rendered":"Correa: \u00abFondos del Magisterio nacieron con el aporte del Estado\u00bb"},"content":{"rendered":"<p><a href=\"http:\/\/www.ecuadoraldia.com.ec\/wp-content\/uploads\/2014\/08\/rfcd.jpg\"><img loading=\"lazy\" decoding=\"async\" class=\"alignleft size-medium wp-image-3838\" src=\"http:\/\/www.ecuadoraldia.com.ec\/wp-content\/uploads\/2014\/08\/rfcd-300x198.jpg\" alt=\"rfcd\" width=\"300\" height=\"198\" srcset=\"https:\/\/www.ecuadoraldia.com.ec\/wp-content\/uploads\/2014\/08\/rfcd-300x198.jpg 300w, https:\/\/www.ecuadoraldia.com.ec\/wp-content\/uploads\/2014\/08\/rfcd.jpg 450w\" sizes=\"(max-width: 300px) 100vw, 300px\" \/><\/a>En un conversatorio con la prensa en Bucay, el Mandatario subray\u00f3 que ese fondo est\u00e1 manejado por la Uni\u00f3n Nacional de Educadores (UNE) y el Movimiento Popular Democr\u00e1tico (MPD). \u00abYo me pregunto por qu\u00e9 cierto grupo de ciudadanos debe tener doble pensi\u00f3n, doble cesant\u00eda. No les parece injusto, discriminatorio, pero esa era la \u00e9poca neoliberal\u00bb, sostuvo.<\/p>\n<p>El Jefe de Estado se\u00f1al\u00f3 que \u00abya que esto se construy\u00f3 con plata p\u00fablica, que lo pase a manejar el Biess\u00bb y desminti\u00f3 que el \u00abgobierno se est\u00e9 cogiendo plata privada\u00bb, pues esos fondos de cesant\u00eda crecieron y nacieron con el aporte del Estado. Explic\u00f3 que antes no se pod\u00eda hacer nada porque las autoridades \u00able ten\u00edan terror a los tirapiedras\u00bb.<\/p>\n<p>Correa dijo que de 61 fondos complementarios, hay 8 aproximadamente que en verdad fueron fondos privados. \u00abEsos quedar\u00e1n en manos privadas, pero los que nacieron con fondos p\u00fablicos, por favor, eso tiene que manejar el sector p\u00fablico\u00bb, reiter\u00f3.<\/p>\n<p>Finalmente, el Presidente subray\u00f3 que se est\u00e1 defendiendo el dinero del pueblo ecuatoriano. \u00abCuando yo llegu\u00e9 al Gobierno y descubr\u00ed esto, era absolutamente ilegal, inconstitucional. \u00bfPor qu\u00e9 hab\u00edan estos fondos de cesant\u00eda especiales para ciertos grupos de poder (&#8230;) Yo prohib\u00ed esa contribuci\u00f3n, pero ya ten\u00edan esos fondos, y no estamos hablando de unas cuantas centenas de miles de d\u00f3lares, sino de decenas de millones de d\u00f3lares\u00bb, indic\u00f3.<\/p>\n<p>Ayer, la Asamblea inici\u00f3 el debate del proyecto de ley para que el Banco del Instituto Ecuatoriano de Seguridad Social (Biess) administre los Fondos Complementarios Previsionales Cerrados.<\/p>\n","protected":false},"excerpt":{"rendered":"<p>En un conversatorio con la prensa en Bucay, el Mandatario subray\u00f3 que ese fondo est\u00e1 manejado por la Uni\u00f3n Nacional<\/p>\n","protected":false},"author":1,"featured_media":0,"comment_status":"open","ping_status":"open","sticky":false,"template":"","format":"standard","meta":{"footnotes":""},"categories":[1],"tags":[],"_links":{"self":[{"href":"https:\/\/www.ecuadoraldia.com.ec\/index.php?rest_route=\/wp\/v2\/posts\/3837"}],"collection":[{"href":"https:\/\/www.ecuadoraldia.com.ec\/index.php?rest_route=\/wp\/v2\/posts"}],"about":[{"href":"https:\/\/www.ecuadoraldia.com.ec\/index.php?rest_route=\/wp\/v2\/types\/post"}],"author":[{"embeddable":true,"href":"https:\/\/www.ecuadoraldia.com.ec\/index.php?rest_route=\/wp\/v2\/users\/1"}],"replies":[{"embeddable":true,"href":"https:\/\/www.ecuadoraldia.com.ec\/index.php?rest_route=%2Fwp%2Fv2%2Fcomments&post=3837"}],"version-history":[{"count":1,"href":"https:\/\/www.ecuadoraldia.com.ec\/index.php?rest_route=\/wp\/v2\/posts\/3837\/revisions"}],"predecessor-version":[{"id":3839,"href":"https:\/\/www.ecuadoraldia.com.ec\/index.php?rest_route=\/wp\/v2\/posts\/3837\/revisions\/3839"}],"wp:attachment":[{"href":"https:\/\/www.ecuadoraldia.com.ec\/index.php?rest_route=%2Fwp%2Fv2%2Fmedia&parent=3837"}],"wp:term":[{"taxonomy":"category","embeddable":true,"href":"https:\/\/www.ecuadoraldia.com.ec\/index.php?rest_route=%2Fwp%2Fv2%2Fcategories&post=3837"},{"taxonomy":"post_tag","embeddable":true,"href":"https:\/\/www.ecuadoraldia.com.ec\/index.php?rest_route=%2Fwp%2Fv2%2Ftags&post=3837"}],"curies":[{"name":"wp","href":"https:\/\/api.w.org\/{rel}","templated":true}]}}