{"id":3840,"date":"2014-08-02T01:59:17","date_gmt":"2014-08-02T01:59:17","guid":{"rendered":"http:\/\/www.ecuadoraldia.com.ec\/?p=3840"},"modified":"2014-08-02T01:59:17","modified_gmt":"2014-08-02T01:59:17","slug":"paz-si-tengo-que-ir-a-juicio-nos-vamos-al-juicio","status":"publish","type":"post","link":"https:\/\/www.ecuadoraldia.com.ec\/?p=3840","title":{"rendered":"Paz: \u00abSi tengo que ir a juicio, nos vamos al juicio\u00bb"},"content":{"rendered":"<p><a href=\"http:\/\/www.ecuadoraldia.com.ec\/wp-content\/uploads\/2014\/08\/paz2.jpg\"><img loading=\"lazy\" decoding=\"async\" class=\"alignleft size-medium wp-image-3841\" src=\"http:\/\/www.ecuadoraldia.com.ec\/wp-content\/uploads\/2014\/08\/paz2-300x210.jpg\" alt=\"paz2\" width=\"300\" height=\"210\" srcset=\"https:\/\/www.ecuadoraldia.com.ec\/wp-content\/uploads\/2014\/08\/paz2-300x210.jpg 300w, https:\/\/www.ecuadoraldia.com.ec\/wp-content\/uploads\/2014\/08\/paz2.jpg 620w\" sizes=\"(max-width: 300px) 100vw, 300px\" \/><\/a>Rodrigo Paz, expresidente de Liga de Quito, se pronunci\u00f3 esta ma\u00f1ana sobre el pedido de disculpas que le solicit\u00f3 la Federaci\u00f3n Ecuatoriana de F\u00fatbol (FEF) a trav\u00e9s de su procurador judiacial, Alejandro Vanegas. Esto se dio debido a las diversas declaraciones que Paz ha hecho en contra de la FEF y su m\u00e1ximo dirigente, Luis Chiriboga.<\/p>\n<p>\u201c(Chiriboga) Dice que se entregan balances trimestralmente pero hasta ahora no se entrega el del segundo trimestre de 2014, ni lo solicitado por LDU\u201d, indic\u00f3 el dirigente quite\u00f1o en declaraciones a radio La Red. Paz agreg\u00f3 que lo \u00fanico que est\u00e1 pidiendo es una explicaci\u00f3n.<\/p>\n<p>\u201c\u00c9l (Chiriboga) ten\u00eda que presentarse y no mandar al procurador judicial de la FEF (a anunciar la amenaza de demanda), en ning\u00fan caso he calumniado a la FEF, lo \u00fanico que he hecho es compartir las inquietudes que tienen todas las hinchadas del pa\u00eds. \u00bfPor qu\u00e9 voy a disculparme? Si tengo que ir a juicio, nos vamos al juicio. Siempre me refer\u00ed al presidente de la FEF, no a la FEF\u201d, enfatiz\u00f3 el expresidente de Liga de Quito.<\/p>\n<p>\u00abNo tengo nada de que arrepentirme, \u00e9l (Chiriboga) sabe lo que pienso de \u00e9l, pero si me quiere demandar pues encantado\u201d, sentenci\u00f3 Rodrigo Paz a la emisora radial.<\/p>\n<p>La FEF dio una rueda de prensa ayer donde su procurador judicial, Alejandro Vanegas, dio plazo hasta el 12 de agosto para que Rodrigo Paz pida disculpas a la FEF y Luis Chiriboga por declaraciones que ellos consideran ofenden el honor tanto de la instituci\u00f3n como de su presidente. De no hacerlo, Vanegas asegur\u00f3 que emprender\u00e1n acciones legales en contra de Paz por injurias calumniosas.<\/p>\n","protected":false},"excerpt":{"rendered":"<p>Rodrigo Paz, expresidente de Liga de Quito, se pronunci\u00f3 esta ma\u00f1ana sobre el pedido de disculpas que le solicit\u00f3 la<\/p>\n","protected":false},"author":1,"featured_media":0,"comment_status":"open","ping_status":"open","sticky":false,"template":"","format":"standard","meta":{"footnotes":""},"categories":[10],"tags":[],"_links":{"self":[{"href":"https:\/\/www.ecuadoraldia.com.ec\/index.php?rest_route=\/wp\/v2\/posts\/3840"}],"collection":[{"href":"https:\/\/www.ecuadoraldia.com.ec\/index.php?rest_route=\/wp\/v2\/posts"}],"about":[{"href":"https:\/\/www.ecuadoraldia.com.ec\/index.php?rest_route=\/wp\/v2\/types\/post"}],"author":[{"embeddable":true,"href":"https:\/\/www.ecuadoraldia.com.ec\/index.php?rest_route=\/wp\/v2\/users\/1"}],"replies":[{"embeddable":true,"href":"https:\/\/www.ecuadoraldia.com.ec\/index.php?rest_route=%2Fwp%2Fv2%2Fcomments&post=3840"}],"version-history":[{"count":1,"href":"https:\/\/www.ecuadoraldia.com.ec\/index.php?rest_route=\/wp\/v2\/posts\/3840\/revisions"}],"predecessor-version":[{"id":3842,"href":"https:\/\/www.ecuadoraldia.com.ec\/index.php?rest_route=\/wp\/v2\/posts\/3840\/revisions\/3842"}],"wp:attachment":[{"href":"https:\/\/www.ecuadoraldia.com.ec\/index.php?rest_route=%2Fwp%2Fv2%2Fmedia&parent=3840"}],"wp:term":[{"taxonomy":"category","embeddable":true,"href":"https:\/\/www.ecuadoraldia.com.ec\/index.php?rest_route=%2Fwp%2Fv2%2Fcategories&post=3840"},{"taxonomy":"post_tag","embeddable":true,"href":"https:\/\/www.ecuadoraldia.com.ec\/index.php?rest_route=%2Fwp%2Fv2%2Ftags&post=3840"}],"curies":[{"name":"wp","href":"https:\/\/api.w.org\/{rel}","templated":true}]}}