{"id":3849,"date":"2014-08-03T16:25:31","date_gmt":"2014-08-03T16:25:31","guid":{"rendered":"http:\/\/www.ecuadoraldia.com.ec\/?p=3849"},"modified":"2014-08-03T16:25:31","modified_gmt":"2014-08-03T16:25:31","slug":"cordicom-solicita-a-secom-dejar-de-emitir-cadena-que-hace-alusion-a-alfonso-espinosa-de-los-monteros","status":"publish","type":"post","link":"https:\/\/www.ecuadoraldia.com.ec\/?p=3849","title":{"rendered":"Cordicom solicita a Secom dejar de emitir cadena que hace alusi\u00f3n a Alfonso Espinosa de los Monteros"},"content":{"rendered":"<p><a href=\"http:\/\/www.ecuadoraldia.com.ec\/wp-content\/uploads\/2014\/08\/cordicom_.jpg\"><img loading=\"lazy\" decoding=\"async\" class=\"alignleft size-medium wp-image-3850\" src=\"http:\/\/www.ecuadoraldia.com.ec\/wp-content\/uploads\/2014\/08\/cordicom_-300x172.jpg\" alt=\"cordicom_\" width=\"300\" height=\"172\" srcset=\"https:\/\/www.ecuadoraldia.com.ec\/wp-content\/uploads\/2014\/08\/cordicom_-300x172.jpg 300w, https:\/\/www.ecuadoraldia.com.ec\/wp-content\/uploads\/2014\/08\/cordicom_.jpg 450w\" sizes=\"(max-width: 300px) 100vw, 300px\" \/><\/a>El Consejo de Regulaci\u00f3n y Desarrollo de la Informaci\u00f3n y Comunicaci\u00f3n (Cordicom), a trav\u00e9s de un comunicado oficial firmado por su titular Patricio Barriga, solicit\u00f3 a la Secretar\u00eda Nacional de Comunicaci\u00f3n la suspensi\u00f3n inmediata de la transmisi\u00f3n de la pieza audiovisual denominada \u00abLa Ciudadan\u00eda le habla a los medios\u00bb en la que se hace alusi\u00f3n al periodista de Ecuavisa, Alfonso Espinosa de los Monteros.<\/p>\n<p>En el texto se rese\u00f1a que el pasado viernes, la estaci\u00f3n televisiva Ecuavisa se neg\u00f3 a transmitir la mencionada cadena \u00abpor considerar que sus contenidos pueden afectar derechos, en el caso concreto, de uno de sus periodistas, Alfonso Espinosa de los Monteros\u00bb.<\/p>\n<p>\u00abEn ese sentido, respetando los preceptos concernientes a la libertad de expresi\u00f3n de los habitantes del Ecuador, pero conscientes de que esta libertad tiene l\u00edmites democr\u00e1ticos para evitar da\u00f1os a los derechos de las personas y luego de realizar un an\u00e1lisis de los motivos expuestos por Ecuavisa as\u00ed como observar las expresiones de dicho contenido, que hacen alusi\u00f3n al se\u00f1or Alfonso Espinosa de los Monteros y su condici\u00f3n de persona adulta mayor, en el marco de la aplicaci\u00f3n de la Constituci\u00f3n de la Rep\u00fablica y los instrumentos internacionales de derechos humanos ratificados por Ecuador y aquellos que m\u00e1s favorezcan la dignidad humana, solicitamos a usted disponer la suspensi\u00f3n inmediata de la transmisi\u00f3n de la pieza audiovisual anteriormente descrita\u00bb, reza el texto de la Cordicom.<\/p>\n","protected":false},"excerpt":{"rendered":"<p>El Consejo de Regulaci\u00f3n y Desarrollo de la Informaci\u00f3n y Comunicaci\u00f3n (Cordicom), a trav\u00e9s de un comunicado oficial firmado por<\/p>\n","protected":false},"author":1,"featured_media":0,"comment_status":"open","ping_status":"open","sticky":false,"template":"","format":"standard","meta":{"footnotes":""},"categories":[1],"tags":[],"_links":{"self":[{"href":"https:\/\/www.ecuadoraldia.com.ec\/index.php?rest_route=\/wp\/v2\/posts\/3849"}],"collection":[{"href":"https:\/\/www.ecuadoraldia.com.ec\/index.php?rest_route=\/wp\/v2\/posts"}],"about":[{"href":"https:\/\/www.ecuadoraldia.com.ec\/index.php?rest_route=\/wp\/v2\/types\/post"}],"author":[{"embeddable":true,"href":"https:\/\/www.ecuadoraldia.com.ec\/index.php?rest_route=\/wp\/v2\/users\/1"}],"replies":[{"embeddable":true,"href":"https:\/\/www.ecuadoraldia.com.ec\/index.php?rest_route=%2Fwp%2Fv2%2Fcomments&post=3849"}],"version-history":[{"count":1,"href":"https:\/\/www.ecuadoraldia.com.ec\/index.php?rest_route=\/wp\/v2\/posts\/3849\/revisions"}],"predecessor-version":[{"id":3851,"href":"https:\/\/www.ecuadoraldia.com.ec\/index.php?rest_route=\/wp\/v2\/posts\/3849\/revisions\/3851"}],"wp:attachment":[{"href":"https:\/\/www.ecuadoraldia.com.ec\/index.php?rest_route=%2Fwp%2Fv2%2Fmedia&parent=3849"}],"wp:term":[{"taxonomy":"category","embeddable":true,"href":"https:\/\/www.ecuadoraldia.com.ec\/index.php?rest_route=%2Fwp%2Fv2%2Fcategories&post=3849"},{"taxonomy":"post_tag","embeddable":true,"href":"https:\/\/www.ecuadoraldia.com.ec\/index.php?rest_route=%2Fwp%2Fv2%2Ftags&post=3849"}],"curies":[{"name":"wp","href":"https:\/\/api.w.org\/{rel}","templated":true}]}}