{"id":3852,"date":"2014-08-03T16:28:41","date_gmt":"2014-08-03T16:28:41","guid":{"rendered":"http:\/\/www.ecuadoraldia.com.ec\/?p=3852"},"modified":"2014-08-03T16:28:41","modified_gmt":"2014-08-03T16:28:41","slug":"ascienden-a-1-766-los-muertos-y-9-500-heridos-en-gaza-en-ofensiva-israeli","status":"publish","type":"post","link":"https:\/\/www.ecuadoraldia.com.ec\/?p=3852","title":{"rendered":"Ascienden a 1.766 los muertos y 9.500 heridos en Gaza en ofensiva israel\u00ed"},"content":{"rendered":"<p><a href=\"http:\/\/www.ecuadoraldia.com.ec\/wp-content\/uploads\/2014\/08\/gaza-at.jpg\"><img loading=\"lazy\" decoding=\"async\" class=\"alignleft size-medium wp-image-3853\" src=\"http:\/\/www.ecuadoraldia.com.ec\/wp-content\/uploads\/2014\/08\/gaza-at-300x165.jpg\" alt=\"gaza at\" width=\"300\" height=\"165\" srcset=\"https:\/\/www.ecuadoraldia.com.ec\/wp-content\/uploads\/2014\/08\/gaza-at-300x165.jpg 300w, https:\/\/www.ecuadoraldia.com.ec\/wp-content\/uploads\/2014\/08\/gaza-at.jpg 599w\" sizes=\"(max-width: 300px) 100vw, 300px\" \/><\/a>Agencia EFE. La ofensiva militar israel\u00ed que se inici\u00f3 el 8 de julio en Gaza deja hasta el momento 1.766 fallecidos y 9.500 heridos, en su mayor\u00eda civiles, seg\u00fan inform\u00f3 este domingo el Ministerio de Sanidad en la Franja.<\/p>\n<p>\u00abEn los 27 d\u00edas que dura la guerra en la Franja de Gaza, Israel ha matado hasta la fecha a 1.766 personas y herido a otras 9.500, dos tercios de los cuales son civiles, incluidos mujeres, ni\u00f1os y personas mayores\u00bb, reza un comunicado del citado Ministerio.<\/p>\n<p>Su portavoz en Gaza, Ashraf al Qedra, dijo hoy que durante la jornada han muerto al menos 54 palestinos en bombardeos de tanques y aviones israel\u00edes sobre varios puntos del enclave costero.<\/p>\n<p>Y precis\u00f3 que entre los fallecidos se cuentan una decena que perdieron la vida en un nuevo ataque a\u00e9reo israel\u00ed sobre una escuela regentada por la Agencia de la ONU para el Socorro a los Refugiados Palestinos (UNRWA) en la localidad de Rafah, al sur de la Franja, suceso que calific\u00f3 de \u00abverdadera masacre\u00bb.<\/p>\n<p>Al Qedra explic\u00f3 que otras nueve personas, todas miembros de la misma familia, murieron en otro bombardeo de la aviaci\u00f3n israel\u00ed contra una vivienda en Rafah, poblaci\u00f3n especialmente golpeada en los \u00faltimos dos d\u00edas.<\/p>\n<p>Asimismo, a\u00f1adi\u00f3 que otros cuatro familiares, incluido un menor, se encuentran entre las v\u00edctimas mortales provocadas por otro ataque a\u00e9reo contra una casa en la misma localidad, mientras que otros tres palestinos murieron en un bombardeo similar en el norte de Gaza.<\/p>\n<p>Fuentes sanitarias indicaron que otras seis personas murieron por el disparo de un aparato israel\u00ed contra un inmueble en el centro de la franja palestina.<\/p>\n<p>El grupo de derechos humanos con sede en Gaza Al-Mizan notific\u00f3 en un comunicado que m\u00e1s de 10.000 viviendas han resultado da\u00f1adas por los intensos bombardeos en el transcurso de la campa\u00f1a israel\u00ed.<\/p>\n<p>Por su parte, el portavoz del movimiento islamista Ham\u00e1s en Gaza, Sami Abu Zuhri, asegur\u00f3 hoy que Israel es plenamente responsable de los bombardeos sobre la escuela de la UNRWA en Rafah, y record\u00f3 que se trata de la tercera masacre de semejantes caracter\u00edsticas.<\/p>\n<p>\u00abSe trata claramente de un crimen de guerra. Consideramos que (el secretario general de la ONU) Ban Ki-moon comparte este crimen con Israel por su silencio y porque llora por los soldados israel\u00edes asesinos mientras ignora la sangre de civiles inocentes\u00bb, afirm\u00f3.<\/p>\n<p>Portavoces del Ej\u00e9rcito israel\u00ed dijeron a Efe no tener informaci\u00f3n del suceso en la escuela de la ONU y que este est\u00e1 siendo investigado, mientras la UNRWA a\u00fan no se ha pronunciado.<\/p>\n<p>Durante la actual ofensiva militar, proyectiles del Ej\u00e9rcito israel\u00ed han alcanzado en al menos otras cinco ocasiones distintos complejos de la ONU, en varios casos ocasionando numerosas v\u00edctimas mortales.<\/p>\n<p>El \u00faltimo caso se dio el d\u00eda 30 cuando quince palestinos murieron y medio centenar resultaron heridos en otro bombardeo en una escuela de la UNRWA en Yabalia, en el norte de Gaza, desatando una ola de condenas internacionales contra Israel.<\/p>\n<p>Una semana antes, en otro ataque a otro de sus colegios, esta vez en Bet Han\u00fan, murieron 17 personas, si bien en ese caso el Ej\u00e9rcito israel\u00ed se desvincul\u00f3 de sus consecuencias alegando que el cohete impact\u00f3 en un patio de la escuela que estaba completamente vac\u00edo.<\/p>\n<p>Israel sostiene en otro caso que la explosi\u00f3n se debi\u00f3 a un cohete err\u00e1tico disparado por las milicias palestinas, y se ha quejado tambi\u00e9n a la UNRWA de que milicianos disparan desde sus centros o desde posiciones aleda\u00f1as.<\/p>\n<p>Durante la jornada milicianos palestinos en Gaza, han continuado el disparo de cohetes y proyectiles de mortero contra comunidades israel\u00edes, que el Ej\u00e9rcito israel\u00ed cifra en 55 desde la medianoche, y que no han causado v\u00edctimas.<\/p>\n<p>En el bando israel\u00ed, al menos 64 soldados han perdido la vida en combate desde que se iniciara la incursi\u00f3n terrestre en la franja el 17 de julio.<\/p>\n<p>Adem\u00e1s, dos civiles israel\u00edes y un trabajador tailand\u00e9s han muerto por fuego de proyectiles desde que diera comienzo la operaci\u00f3n el 8 de julio.<\/p>\n","protected":false},"excerpt":{"rendered":"<p>Agencia EFE. La ofensiva militar israel\u00ed que se inici\u00f3 el 8 de julio en Gaza deja hasta el momento 1.766<\/p>\n","protected":false},"author":1,"featured_media":0,"comment_status":"open","ping_status":"open","sticky":false,"template":"","format":"standard","meta":{"footnotes":""},"categories":[7],"tags":[],"_links":{"self":[{"href":"https:\/\/www.ecuadoraldia.com.ec\/index.php?rest_route=\/wp\/v2\/posts\/3852"}],"collection":[{"href":"https:\/\/www.ecuadoraldia.com.ec\/index.php?rest_route=\/wp\/v2\/posts"}],"about":[{"href":"https:\/\/www.ecuadoraldia.com.ec\/index.php?rest_route=\/wp\/v2\/types\/post"}],"author":[{"embeddable":true,"href":"https:\/\/www.ecuadoraldia.com.ec\/index.php?rest_route=\/wp\/v2\/users\/1"}],"replies":[{"embeddable":true,"href":"https:\/\/www.ecuadoraldia.com.ec\/index.php?rest_route=%2Fwp%2Fv2%2Fcomments&post=3852"}],"version-history":[{"count":1,"href":"https:\/\/www.ecuadoraldia.com.ec\/index.php?rest_route=\/wp\/v2\/posts\/3852\/revisions"}],"predecessor-version":[{"id":3854,"href":"https:\/\/www.ecuadoraldia.com.ec\/index.php?rest_route=\/wp\/v2\/posts\/3852\/revisions\/3854"}],"wp:attachment":[{"href":"https:\/\/www.ecuadoraldia.com.ec\/index.php?rest_route=%2Fwp%2Fv2%2Fmedia&parent=3852"}],"wp:term":[{"taxonomy":"category","embeddable":true,"href":"https:\/\/www.ecuadoraldia.com.ec\/index.php?rest_route=%2Fwp%2Fv2%2Fcategories&post=3852"},{"taxonomy":"post_tag","embeddable":true,"href":"https:\/\/www.ecuadoraldia.com.ec\/index.php?rest_route=%2Fwp%2Fv2%2Ftags&post=3852"}],"curies":[{"name":"wp","href":"https:\/\/api.w.org\/{rel}","templated":true}]}}