{"id":3855,"date":"2014-08-03T16:32:04","date_gmt":"2014-08-03T16:32:04","guid":{"rendered":"http:\/\/www.ecuadoraldia.com.ec\/?p=3855"},"modified":"2014-08-03T17:44:37","modified_gmt":"2014-08-03T17:44:37","slug":"la-economia-ecuatoriana-crecio-un-49-en-este-primer-trimestre","status":"publish","type":"post","link":"https:\/\/www.ecuadoraldia.com.ec\/?p=3855","title":{"rendered":"La econom\u00eda ecuatoriana creci\u00f3 un 4,9% en este primer trimestre"},"content":{"rendered":"<p><a href=\"http:\/\/www.ecuadoraldia.com.ec\/wp-content\/uploads\/2014\/08\/econ-an.jpg\"><img loading=\"lazy\" decoding=\"async\" class=\"alignleft size-medium wp-image-3856\" src=\"http:\/\/www.ecuadoraldia.com.ec\/wp-content\/uploads\/2014\/08\/econ-an-300x199.jpg\" alt=\"econ an\" width=\"300\" height=\"199\" srcset=\"https:\/\/www.ecuadoraldia.com.ec\/wp-content\/uploads\/2014\/08\/econ-an-300x199.jpg 300w, https:\/\/www.ecuadoraldia.com.ec\/wp-content\/uploads\/2014\/08\/econ-an.jpg 580w\" sizes=\"(max-width: 300px) 100vw, 300px\" \/><\/a>Pese a los problemas econ\u00f3micos internacionales y a no tener una moneda nacional, en el primer trimestre de 2014 el sector no petrolero tuvo un crecimiento del 4,3%, mientras que el sector petrolero del 13,6%. Otros sectores que consiguieron un incremento son el camaronero, minero y de alojamiento. En general, la econom\u00eda ecuatoriana creci\u00f3 un 4,9% en el primer trimestre de 2014. Estos fueron algunos datos mencionados por el presidente Rafael Correa durante el enlace ciudadano 384, realizado en el cant\u00f3n Bucay, provincia del Guayas. Tambi\u00e9n se refiri\u00f3 al encuentro y a su participaci\u00f3n en la cumbre de los pa\u00edses de la Unasur con el Brics (Brasil, Rusia, India, China y Sud\u00e1frica). Se\u00f1al\u00f3 que en la cumbre, realizada el 16 de julio, se propuso una nueva arquitectura financiera para la regi\u00f3n que consistir\u00eda en un fondo econ\u00f3mico de la Unasur, para as\u00ed evitar que esta reserva sea depositada en sistemas financieros del primer mundo \u201cque apenas entregan 0,05% de remanente y luego ese mismo dinero es prestado al 6% o 7%\u201d. El Mandatario habl\u00f3 de la creaci\u00f3n del Banco del Sur y se\u00f1al\u00f3 que se deben depositar fondos que en el futuro podr\u00edan financiar proyectos de desarrollo multinacional. Dijo que es necesario crear nuevos sistemas de intercambio con los que se minimice el uso de una moneda extranjera, en este caso el d\u00f3lar. La propuesta es realizar un m\u00e9todo de exportaciones a trav\u00e9s de divisas extranjeras que se encuentren dentro de un sistema de compensaci\u00f3n para el comercio regional. El Mandatario destac\u00f3 que en un futuro se podr\u00eda tener una propia moneda regional que circule entre los pa\u00edses de la Unasur. Correa mencion\u00f3 que el Banco del Sur es un proyecto que est\u00e1 plasmado, pero a\u00fan no se hace realidad. Puso como ejemplo al banco que tiene el Brics, en el que cada pa\u00eds invertir\u00e1 $10 mil millones, frente a un capital inicial de $ 50 mil millones, dinero que servir\u00e1 para financiar obras entre los integrantes del bloque. En otros temas el Mandatario se refiri\u00f3 a la reuni\u00f3n que mantuvo con Mauricio Rodas, alcalde de Quito, en la que se abord\u00f3 el tema del financiamiento ($ 15 millones) para el transporte p\u00fablico de Quito. Recalc\u00f3 que este tipo de ayudas no es competencia del Gobierno Central. \u201cNo lo es y m\u00e1s a\u00fan cuando hay municipios que no cobran impuestos prediales o se pasan hablando de reducir impuestos y luego piden plata para financiar lo que no tengo\u201d, coment\u00f3. Correa tambi\u00e9n se refiri\u00f3 a la ayuda del Gobierno entregada a la ciudad de Quito, sobre todo en lo que respecta al proyecto de revitalizaci\u00f3n del Centro Hist\u00f3rico. Advirti\u00f3 que desde el Municipio se est\u00e1n obstruyendo varios proyectos como la construcci\u00f3n del parque de los religiosos Agustinos. \u201cEl alcalde Mauricio Rodas me dijo que tendremos el apoyo, pero tal vez \u00e9l no lo sepa, conf\u00edo en que no lo sabe, y es que hay gente de su propio equipo que no quiere avanzar en este proyecto. Que nos avisen para ahorrarnos plata\u201d, dijo Correa. Con respecto a la Refiner\u00eda del Pac\u00edfico (Manab\u00ed) explic\u00f3 que varias operaciones est\u00e1n atrasadas por problemas internos en China, y tras la reuni\u00f3n con el presidente Xi Jinping se acord\u00f3 que una delegaci\u00f3n visite Ecuador para revisar el proyecto y su financiamiento.<\/p>\n","protected":false},"excerpt":{"rendered":"<p>Pese a los problemas econ\u00f3micos internacionales y a no tener una moneda nacional, en el primer trimestre de 2014 el<\/p>\n","protected":false},"author":1,"featured_media":0,"comment_status":"open","ping_status":"open","sticky":false,"template":"","format":"standard","meta":{"footnotes":""},"categories":[3],"tags":[],"_links":{"self":[{"href":"https:\/\/www.ecuadoraldia.com.ec\/index.php?rest_route=\/wp\/v2\/posts\/3855"}],"collection":[{"href":"https:\/\/www.ecuadoraldia.com.ec\/index.php?rest_route=\/wp\/v2\/posts"}],"about":[{"href":"https:\/\/www.ecuadoraldia.com.ec\/index.php?rest_route=\/wp\/v2\/types\/post"}],"author":[{"embeddable":true,"href":"https:\/\/www.ecuadoraldia.com.ec\/index.php?rest_route=\/wp\/v2\/users\/1"}],"replies":[{"embeddable":true,"href":"https:\/\/www.ecuadoraldia.com.ec\/index.php?rest_route=%2Fwp%2Fv2%2Fcomments&post=3855"}],"version-history":[{"count":2,"href":"https:\/\/www.ecuadoraldia.com.ec\/index.php?rest_route=\/wp\/v2\/posts\/3855\/revisions"}],"predecessor-version":[{"id":3858,"href":"https:\/\/www.ecuadoraldia.com.ec\/index.php?rest_route=\/wp\/v2\/posts\/3855\/revisions\/3858"}],"wp:attachment":[{"href":"https:\/\/www.ecuadoraldia.com.ec\/index.php?rest_route=%2Fwp%2Fv2%2Fmedia&parent=3855"}],"wp:term":[{"taxonomy":"category","embeddable":true,"href":"https:\/\/www.ecuadoraldia.com.ec\/index.php?rest_route=%2Fwp%2Fv2%2Fcategories&post=3855"},{"taxonomy":"post_tag","embeddable":true,"href":"https:\/\/www.ecuadoraldia.com.ec\/index.php?rest_route=%2Fwp%2Fv2%2Ftags&post=3855"}],"curies":[{"name":"wp","href":"https:\/\/api.w.org\/{rel}","templated":true}]}}