{"id":3862,"date":"2014-08-03T17:56:45","date_gmt":"2014-08-03T17:56:45","guid":{"rendered":"http:\/\/www.ecuadoraldia.com.ec\/?p=3862"},"modified":"2014-08-03T17:56:45","modified_gmt":"2014-08-03T17:56:45","slug":"alvarado-destaca-debate-generado-por-la-cadena-de-la-secom-y-anuncia-que-hara-ajustes","status":"publish","type":"post","link":"https:\/\/www.ecuadoraldia.com.ec\/?p=3862","title":{"rendered":"Alvarado destaca \u00abdebate\u00bb generado por la cadena de la Secom y anuncia que har\u00e1 ajustes"},"content":{"rendered":"<p><a href=\"http:\/\/www.ecuadoraldia.com.ec\/wp-content\/uploads\/2014\/08\/fer.jpg\"><img loading=\"lazy\" decoding=\"async\" class=\"alignleft size-full wp-image-3863\" src=\"http:\/\/www.ecuadoraldia.com.ec\/wp-content\/uploads\/2014\/08\/fer.jpg\" alt=\"fer\" width=\"300\" height=\"293\" \/><\/a>El Secretario Nacional de Comunicaci\u00f3n, Fernando Alvarado, respondi\u00f3 en su cuenta oficial de Twitter la decisi\u00f3n de Ecuavisa de no transmitir la cadena &#8216;Los ciudadanos le hablan a los medios&#8217;.<\/p>\n<p>En siete tuits el funcionario p\u00fablico criti\u00f3 al canal por el anuncio al indicar que para \u00abEcuavisa el derecho a opinar es exclusivo de sus periodistas. Si un ciudadano se expresa sobre ellos, lo califican de deshonra y vejamen\u00bb.<\/p>\n<p>Anoche, Ecuavisa indic\u00f3 que se abstendr\u00e1 de seguir transmitiendo la cadena donde se menciona a periodistas para en la mayor\u00eda de los casos \u00abdesacreditarlos ante la opini\u00f3n p\u00fablica\u00bb.<\/p>\n<p>\u00abPara @ecuavisa la opini\u00f3n de una \u201csola\u201d persona sobre sus periodistas no sirve, pero cuando sus presentadores opinan es libertad d expresi\u00f3n!\u00bb, escribi\u00f3 el tuit.<\/p>\n<p>\u201cLos ciudadanos le hablan a los medios\u201d ha generado debate importante, vamos a hacer ajustes de acuerdo a la #LOC y continuar la iniciativa, finaliz\u00f3 el secretario.<\/p>\n","protected":false},"excerpt":{"rendered":"<p>El Secretario Nacional de Comunicaci\u00f3n, Fernando Alvarado, respondi\u00f3 en su cuenta oficial de Twitter la decisi\u00f3n de Ecuavisa de no<\/p>\n","protected":false},"author":1,"featured_media":0,"comment_status":"open","ping_status":"open","sticky":false,"template":"","format":"standard","meta":{"footnotes":""},"categories":[1],"tags":[],"_links":{"self":[{"href":"https:\/\/www.ecuadoraldia.com.ec\/index.php?rest_route=\/wp\/v2\/posts\/3862"}],"collection":[{"href":"https:\/\/www.ecuadoraldia.com.ec\/index.php?rest_route=\/wp\/v2\/posts"}],"about":[{"href":"https:\/\/www.ecuadoraldia.com.ec\/index.php?rest_route=\/wp\/v2\/types\/post"}],"author":[{"embeddable":true,"href":"https:\/\/www.ecuadoraldia.com.ec\/index.php?rest_route=\/wp\/v2\/users\/1"}],"replies":[{"embeddable":true,"href":"https:\/\/www.ecuadoraldia.com.ec\/index.php?rest_route=%2Fwp%2Fv2%2Fcomments&post=3862"}],"version-history":[{"count":1,"href":"https:\/\/www.ecuadoraldia.com.ec\/index.php?rest_route=\/wp\/v2\/posts\/3862\/revisions"}],"predecessor-version":[{"id":3864,"href":"https:\/\/www.ecuadoraldia.com.ec\/index.php?rest_route=\/wp\/v2\/posts\/3862\/revisions\/3864"}],"wp:attachment":[{"href":"https:\/\/www.ecuadoraldia.com.ec\/index.php?rest_route=%2Fwp%2Fv2%2Fmedia&parent=3862"}],"wp:term":[{"taxonomy":"category","embeddable":true,"href":"https:\/\/www.ecuadoraldia.com.ec\/index.php?rest_route=%2Fwp%2Fv2%2Fcategories&post=3862"},{"taxonomy":"post_tag","embeddable":true,"href":"https:\/\/www.ecuadoraldia.com.ec\/index.php?rest_route=%2Fwp%2Fv2%2Ftags&post=3862"}],"curies":[{"name":"wp","href":"https:\/\/api.w.org\/{rel}","templated":true}]}}