{"id":3871,"date":"2014-08-03T18:04:18","date_gmt":"2014-08-03T18:04:18","guid":{"rendered":"http:\/\/www.ecuadoraldia.com.ec\/?p=3871"},"modified":"2014-08-03T18:04:18","modified_gmt":"2014-08-03T18:04:18","slug":"la-comunidad-judia-cuestiono-a-evo-morales-su-amistad-con-hamas-ilustra-quien-apoya-el-terror","status":"publish","type":"post","link":"https:\/\/www.ecuadoraldia.com.ec\/?p=3871","title":{"rendered":"La comunidad jud\u00eda cuestion\u00f3 a Evo Morales: \u00abSu amistad con Hamas ilustra qui\u00e9n apoya el terror\u00bb"},"content":{"rendered":"<p><a href=\"http:\/\/www.ecuadoraldia.com.ec\/wp-content\/uploads\/2014\/08\/evo.jpg\"><img loading=\"lazy\" decoding=\"async\" class=\"alignleft size-medium wp-image-3872\" src=\"http:\/\/www.ecuadoraldia.com.ec\/wp-content\/uploads\/2014\/08\/evo-300x168.jpg\" alt=\"evo\" width=\"300\" height=\"168\" srcset=\"https:\/\/www.ecuadoraldia.com.ec\/wp-content\/uploads\/2014\/08\/evo-300x168.jpg 300w, https:\/\/www.ecuadoraldia.com.ec\/wp-content\/uploads\/2014\/08\/evo.jpg 770w\" sizes=\"(max-width: 300px) 100vw, 300px\" \/><\/a>AFP. \u00abLa ret\u00f3rica agresiva de Evo Morales contra Israel no es nueva, y esta escalada no debe sorprendernos. Se siente feliz cuando se re\u00fane con violadores seriales a los derechos humanos y con tiranos como Hamas, el dictador sirio Bashar Al Assad o el expresidente iran\u00ed Mahmoud Ahmadinejad\u00bb, advirti\u00f3 el centro Simon Wiesenthal, luego de que se conociera su decisi\u00f3n de declarar a Israel un \u00abEstado terrorista\u00bb.<\/p>\n<p>El director de Relaciones Internacionales de la organizaci\u00f3n, Shimon Samuels, consider\u00f3 que \u00abla amistad del presidente de Bolivia con Hamas, Damasco y Teher\u00e1n ilustra a las claras qui\u00e9n apoya el terror\u00bb. \u00abSu violento ataque contra Israel no debe sorprendernos: Evo Morales se siente a gusto rodeado de violadores seriales a los derechos humanos\u00bb, insisti\u00f3.<\/p>\n<p>\u00abLOS DICHOS DE MORALES DESTILAN DESPRECIO A LA MEMORIA DE CIUDADANOS BOLIVIANOS ASESINADOS EN LA AMIA\u00bb<\/p>\n<p>A su vez, el director para Am\u00e9rica Latina del centro, Sergio Widder, record\u00f3: \u00abEn 2011, Morales recibi\u00f3 calurosamente en suelo boliviano al entonces ministro de Defensa de Ir\u00e1n, Ahmad Vahidi, quien es sospechoso de estar involucrado en el ataque terrorista contra la AMIA, en Buenos Aires, en el que fueron asesinadas 85 personas, entre ellas 6 ciudadanos bolivianos. Morales facilit\u00f3 la huida a Teher\u00e1n de este fugitivo que tiene pedido de captura con grado de &#8216;notificaci\u00f3n roja&#8217; de Interpol. Este es el podio moral desde el que predica Morales\u00bb.<\/p>\n<p>Por \u00faltimo, ambos dirigentes de la comunidad jud\u00eda coincidieron en se\u00f1alar: \u00abLos dichos de Morales destilan desprecio a la memoria de ciudadanos bolivianos asesinados en AMIA por el terrorismo apoyado por Ir\u00e1n. Ahora muestra el mismo desprecio por las v\u00edctimas del terror de Hamas, tambi\u00e9n apoyado por Ir\u00e1n. Esos son sus aliados. Su palabra carece de validez\u00bb.<\/p>\n<p>La semana pasada, el presidente de Bolivia declar\u00f3 a Israel un \u00abEstado terrorista\u00bb y decidi\u00f3 que los ciudadanos de ese pa\u00eds deban pedir una visa para ingresar a su territorio. \u00abComo pa\u00eds, como pueblo, hemos tomado la firme decisi\u00f3n de denunciar el acuerdo sobre visas con Israel del 17 de agosto de 1972, que se firm\u00f3 bajo un r\u00e9gimen de dictadura en Bolivia y que permit\u00eda a los ciudadanos israel\u00edes ingresar a Bolivia libremente sin tener visa de ingreso\u00bb, explic\u00f3.<\/p>\n<p>&nbsp;<\/p>\n","protected":false},"excerpt":{"rendered":"<p>AFP. \u00abLa ret\u00f3rica agresiva de Evo Morales contra Israel no es nueva, y esta escalada no debe sorprendernos. Se siente<\/p>\n","protected":false},"author":1,"featured_media":0,"comment_status":"open","ping_status":"open","sticky":false,"template":"","format":"standard","meta":{"footnotes":""},"categories":[7],"tags":[],"_links":{"self":[{"href":"https:\/\/www.ecuadoraldia.com.ec\/index.php?rest_route=\/wp\/v2\/posts\/3871"}],"collection":[{"href":"https:\/\/www.ecuadoraldia.com.ec\/index.php?rest_route=\/wp\/v2\/posts"}],"about":[{"href":"https:\/\/www.ecuadoraldia.com.ec\/index.php?rest_route=\/wp\/v2\/types\/post"}],"author":[{"embeddable":true,"href":"https:\/\/www.ecuadoraldia.com.ec\/index.php?rest_route=\/wp\/v2\/users\/1"}],"replies":[{"embeddable":true,"href":"https:\/\/www.ecuadoraldia.com.ec\/index.php?rest_route=%2Fwp%2Fv2%2Fcomments&post=3871"}],"version-history":[{"count":1,"href":"https:\/\/www.ecuadoraldia.com.ec\/index.php?rest_route=\/wp\/v2\/posts\/3871\/revisions"}],"predecessor-version":[{"id":3873,"href":"https:\/\/www.ecuadoraldia.com.ec\/index.php?rest_route=\/wp\/v2\/posts\/3871\/revisions\/3873"}],"wp:attachment":[{"href":"https:\/\/www.ecuadoraldia.com.ec\/index.php?rest_route=%2Fwp%2Fv2%2Fmedia&parent=3871"}],"wp:term":[{"taxonomy":"category","embeddable":true,"href":"https:\/\/www.ecuadoraldia.com.ec\/index.php?rest_route=%2Fwp%2Fv2%2Fcategories&post=3871"},{"taxonomy":"post_tag","embeddable":true,"href":"https:\/\/www.ecuadoraldia.com.ec\/index.php?rest_route=%2Fwp%2Fv2%2Ftags&post=3871"}],"curies":[{"name":"wp","href":"https:\/\/api.w.org\/{rel}","templated":true}]}}