{"id":3874,"date":"2014-08-03T18:15:38","date_gmt":"2014-08-03T18:15:38","guid":{"rendered":"http:\/\/www.ecuadoraldia.com.ec\/?p=3874"},"modified":"2014-08-03T18:15:38","modified_gmt":"2014-08-03T18:15:38","slug":"solo-los-fondos-complementarios-que-tienen-dineros-publicos-regresaran-al-biess","status":"publish","type":"post","link":"https:\/\/www.ecuadoraldia.com.ec\/?p=3874","title":{"rendered":"Solo los fondos complementarios que tienen dineros p\u00fablicos regresar\u00e1n al BIESS"},"content":{"rendered":"<p><a href=\"http:\/\/www.ecuadoraldia.com.ec\/wp-content\/uploads\/2014\/08\/enlace-3.jpg\"><img loading=\"lazy\" decoding=\"async\" class=\"alignleft size-medium wp-image-3875\" src=\"http:\/\/www.ecuadoraldia.com.ec\/wp-content\/uploads\/2014\/08\/enlace-3-300x194.jpg\" alt=\"enlace-3\" width=\"300\" height=\"194\" srcset=\"https:\/\/www.ecuadoraldia.com.ec\/wp-content\/uploads\/2014\/08\/enlace-3-300x194.jpg 300w, https:\/\/www.ecuadoraldia.com.ec\/wp-content\/uploads\/2014\/08\/enlace-3.jpg 470w\" sizes=\"(max-width: 300px) 100vw, 300px\" \/><\/a>Bucay (Guayas).- Durante el Enlace Ciudadano 384, el Presidente Rafael Correa anunci\u00f3 que los fondos complementarios (cesant\u00eda) que posean dineros p\u00fablicos, retornar\u00e1n al Banco del Instituto Ecuatoriano de Seguridad Social (Biess), por cuanto se trata de \u201cplata p\u00fablica de ustedes (ecuatorianos) (que) estaba en manos privadas\u201d.<\/p>\n<p>Record\u00f3 que en la \u00e9poca neoliberal se crearon estos fondos para no dejar que el Instituto Ecuatoriano de Seguridad Social (IESS) se desarrolle y que precisamente empezaron con dineros p\u00fablicos.<\/p>\n<p>\u201cCuando yo llegu\u00e9 al gobierno prohib\u00ed esto porque era inconstitucional, yo no s\u00e9 por qu\u00e9 contralor\u00eda no glos\u00f3 estas cosas\u201d, asever\u00f3 al tiempo de se\u00f1alar por qu\u00e9 ciertos sectores ten\u00edan privilegios con asignaciones especiales del Estado.<\/p>\n<p>\u201cCualquier ciudadano solo ten\u00eda el seguro social, pero ciertos sectores ten\u00edan el seguro social m\u00e1s estos fondos complementarios, si fuera plata de ellos no hay problema pero \u00bfc\u00f3mo con plata p\u00fablica?\u201d, se pregunt\u00f3.<\/p>\n<p>Seg\u00fan la Superintendencia de Bancos y Seguros, en Ecuador se reportaron 206 831 participantes en un total de 64 fondos complementarios, lo cual representa un m\u00ednimo porcentaje de la poblaci\u00f3n ecuatoriana.<\/p>\n<p>\u201c\u00bfPor qu\u00e9 solo el 5% de las familias del Ecuador ten\u00edan el privilegio de contar con fondos complementarios con plata p\u00fablica y el resto no? \u00bfAlguien me lo puede explicar?\u201d, consult\u00f3 el Jefe de Estado.<\/p>\n<p>Entonces lo que se trata es hacer justicia y poner la casa en orden, seg\u00fan se\u00f1al\u00f3 Correa, a\u00f1adiendo que quienes se oponen a esto se van a defender con todo.<\/p>\n<p>De los 64 fondos complementarios existentes, 54 tienen dineros p\u00fablicos y son los que pasar\u00edan al Biess, mientras que los 10 que no tienen recursos p\u00fablicos seguir\u00e1n en manos privadas.<\/p>\n<p>\u201cEs mentira lo que dice la prensa que nos estamos cogiendo fondos privados\u201d, aclar\u00f3 y sostuvo que quienes tienen una cesant\u00eda adicional conseguida con recursos privados seguir\u00e1n contando con los mismos.<\/p>\n<p>Record\u00f3 que en el caso del fondo del Magisterio antes estaba en manos del IESS pero que por presiones pol\u00edticas se hizo que pasaran al manejo de otros entes.<\/p>\n<p>\u201cAqu\u00ed se minti\u00f3, se dijo que est\u00e1bamos cogi\u00e9ndonos fondos privados, es al rev\u00e9s, grupos privados cogieron fondos p\u00fablicos y con la Revoluci\u00f3n Ciudadana se est\u00e1n poniendo las cosas en orden\u201d, manifest\u00f3.<\/p>\n<p>Por ello, reiter\u00f3 que los fondos que tienen dineros p\u00fablicos van a regresar al Biess, lo cual no perjudica a quienes poseen estos recursos, sino por el contrario los beneficia dado que con el Banco del Seguro Social tendr\u00e1n econom\u00edas a escala y servicios complementarios.<\/p>\n<p>\u201cEste Presidente, este Gobierno, esta Revoluci\u00f3n somos los que por fin estamos haciendo lo correcto, jam\u00e1s debieron existir fondos complementarios con plata p\u00fablica y ya que existen eso tiene que pasar a ser manejado por el Biess, no pueden estar en manos privadas\u201d, sostuvo. CCN \/ El Ciudadano<\/p>\n<p>&nbsp;<\/p>\n<p>&nbsp;<\/p>\n<p>&nbsp;<\/p>\n<p>&nbsp;<\/p>\n<p>&nbsp;<\/p>\n<p>&nbsp;<\/p>\n","protected":false},"excerpt":{"rendered":"<p>Bucay (Guayas).- Durante el Enlace Ciudadano 384, el Presidente Rafael Correa anunci\u00f3 que los fondos complementarios (cesant\u00eda) que posean dineros<\/p>\n","protected":false},"author":1,"featured_media":0,"comment_status":"open","ping_status":"open","sticky":false,"template":"","format":"standard","meta":{"footnotes":""},"categories":[11],"tags":[],"_links":{"self":[{"href":"https:\/\/www.ecuadoraldia.com.ec\/index.php?rest_route=\/wp\/v2\/posts\/3874"}],"collection":[{"href":"https:\/\/www.ecuadoraldia.com.ec\/index.php?rest_route=\/wp\/v2\/posts"}],"about":[{"href":"https:\/\/www.ecuadoraldia.com.ec\/index.php?rest_route=\/wp\/v2\/types\/post"}],"author":[{"embeddable":true,"href":"https:\/\/www.ecuadoraldia.com.ec\/index.php?rest_route=\/wp\/v2\/users\/1"}],"replies":[{"embeddable":true,"href":"https:\/\/www.ecuadoraldia.com.ec\/index.php?rest_route=%2Fwp%2Fv2%2Fcomments&post=3874"}],"version-history":[{"count":1,"href":"https:\/\/www.ecuadoraldia.com.ec\/index.php?rest_route=\/wp\/v2\/posts\/3874\/revisions"}],"predecessor-version":[{"id":3876,"href":"https:\/\/www.ecuadoraldia.com.ec\/index.php?rest_route=\/wp\/v2\/posts\/3874\/revisions\/3876"}],"wp:attachment":[{"href":"https:\/\/www.ecuadoraldia.com.ec\/index.php?rest_route=%2Fwp%2Fv2%2Fmedia&parent=3874"}],"wp:term":[{"taxonomy":"category","embeddable":true,"href":"https:\/\/www.ecuadoraldia.com.ec\/index.php?rest_route=%2Fwp%2Fv2%2Fcategories&post=3874"},{"taxonomy":"post_tag","embeddable":true,"href":"https:\/\/www.ecuadoraldia.com.ec\/index.php?rest_route=%2Fwp%2Fv2%2Ftags&post=3874"}],"curies":[{"name":"wp","href":"https:\/\/api.w.org\/{rel}","templated":true}]}}