{"id":3877,"date":"2014-08-04T21:45:22","date_gmt":"2014-08-04T21:45:22","guid":{"rendered":"http:\/\/www.ecuadoraldia.com.ec\/?p=3877"},"modified":"2014-08-04T21:45:22","modified_gmt":"2014-08-04T21:45:22","slug":"mpd-pre-prian-y-ruptura-25-estan-fuera-del-mapa-electoral","status":"publish","type":"post","link":"https:\/\/www.ecuadoraldia.com.ec\/?p=3877","title":{"rendered":"MPD, PRE, Prian y Ruptura 25 est\u00e1n fuera del mapa electoral"},"content":{"rendered":"<p><a href=\"http:\/\/www.ecuadoraldia.com.ec\/wp-content\/uploads\/2014\/08\/pleno-cne.jpg\"><img loading=\"lazy\" decoding=\"async\" class=\"alignleft size-medium wp-image-3878\" src=\"http:\/\/www.ecuadoraldia.com.ec\/wp-content\/uploads\/2014\/08\/pleno-cne-300x127.jpg\" alt=\"pleno cne\" width=\"300\" height=\"127\" srcset=\"https:\/\/www.ecuadoraldia.com.ec\/wp-content\/uploads\/2014\/08\/pleno-cne-300x127.jpg 300w, https:\/\/www.ecuadoraldia.com.ec\/wp-content\/uploads\/2014\/08\/pleno-cne.jpg 580w\" sizes=\"(max-width: 300px) 100vw, 300px\" \/><\/a>El Pleno del Consejo Nacional Electoral (CNE) neg\u00f3 el recurso impugnaci\u00f3n del Partido Renovador Institucional Acci\u00f3n Nacional (Prian) y del Partido Roldosista Ecuatoriano (PRE), del Movimiento Popular Democr\u00e1tico (MPD) y Ruptura 25 y ratific\u00f3 la resoluci\u00f3n que los elimin\u00f3 del registro electoral.<\/p>\n<p>Domingo Paredes, presidente del CNE, levant\u00f3 la sesi\u00f3n pasadas las 15:30 de hoy 4 de agosto de 2014, luego de que se analizar\u00e1n las impuganciones presetadas por los grupos pol\u00edticos eliminadas del mapa electoral el pasado 3 de julio.<\/p>\n<p>El CNE los elimin\u00f3 del registro de partidos y movimientos por incumplir el art\u00edculo 327 del C\u00f3digo de la Democracia, el mismo que exige que en 2 elecciones nacionales y pluripersonales consecutivas (2013 y 2014) deben haber obtenido al menos el 4% de votos v\u00e1lidos, el 8 por ciento de alcald\u00edas y el 10 por ciento de los cantones del pa\u00eds.<\/p>\n","protected":false},"excerpt":{"rendered":"<p>El Pleno del Consejo Nacional Electoral (CNE) neg\u00f3 el recurso impugnaci\u00f3n del Partido Renovador Institucional Acci\u00f3n Nacional (Prian) y del<\/p>\n","protected":false},"author":1,"featured_media":0,"comment_status":"open","ping_status":"open","sticky":false,"template":"","format":"standard","meta":{"footnotes":""},"categories":[3],"tags":[],"_links":{"self":[{"href":"https:\/\/www.ecuadoraldia.com.ec\/index.php?rest_route=\/wp\/v2\/posts\/3877"}],"collection":[{"href":"https:\/\/www.ecuadoraldia.com.ec\/index.php?rest_route=\/wp\/v2\/posts"}],"about":[{"href":"https:\/\/www.ecuadoraldia.com.ec\/index.php?rest_route=\/wp\/v2\/types\/post"}],"author":[{"embeddable":true,"href":"https:\/\/www.ecuadoraldia.com.ec\/index.php?rest_route=\/wp\/v2\/users\/1"}],"replies":[{"embeddable":true,"href":"https:\/\/www.ecuadoraldia.com.ec\/index.php?rest_route=%2Fwp%2Fv2%2Fcomments&post=3877"}],"version-history":[{"count":1,"href":"https:\/\/www.ecuadoraldia.com.ec\/index.php?rest_route=\/wp\/v2\/posts\/3877\/revisions"}],"predecessor-version":[{"id":3879,"href":"https:\/\/www.ecuadoraldia.com.ec\/index.php?rest_route=\/wp\/v2\/posts\/3877\/revisions\/3879"}],"wp:attachment":[{"href":"https:\/\/www.ecuadoraldia.com.ec\/index.php?rest_route=%2Fwp%2Fv2%2Fmedia&parent=3877"}],"wp:term":[{"taxonomy":"category","embeddable":true,"href":"https:\/\/www.ecuadoraldia.com.ec\/index.php?rest_route=%2Fwp%2Fv2%2Fcategories&post=3877"},{"taxonomy":"post_tag","embeddable":true,"href":"https:\/\/www.ecuadoraldia.com.ec\/index.php?rest_route=%2Fwp%2Fv2%2Ftags&post=3877"}],"curies":[{"name":"wp","href":"https:\/\/api.w.org\/{rel}","templated":true}]}}