{"id":3880,"date":"2014-08-04T21:49:37","date_gmt":"2014-08-04T21:49:37","guid":{"rendered":"http:\/\/www.ecuadoraldia.com.ec\/?p=3880"},"modified":"2014-08-04T21:49:37","modified_gmt":"2014-08-04T21:49:37","slug":"corte-constitucional-admite-a-tramite-paquete-de-enmiendas","status":"publish","type":"post","link":"https:\/\/www.ecuadoraldia.com.ec\/?p=3880","title":{"rendered":"Corte Constitucional admite a tr\u00e1mite paquete de enmiendas"},"content":{"rendered":"<p><a href=\"http:\/\/www.ecuadoraldia.com.ec\/wp-content\/uploads\/2014\/08\/corte-c.png\"><img loading=\"lazy\" decoding=\"async\" class=\"alignleft size-medium wp-image-3881\" src=\"http:\/\/www.ecuadoraldia.com.ec\/wp-content\/uploads\/2014\/08\/corte-c-300x152.png\" alt=\"corte c\" width=\"300\" height=\"152\" srcset=\"https:\/\/www.ecuadoraldia.com.ec\/wp-content\/uploads\/2014\/08\/corte-c-300x152.png 300w, https:\/\/www.ecuadoraldia.com.ec\/wp-content\/uploads\/2014\/08\/corte-c.png 642w\" sizes=\"(max-width: 300px) 100vw, 300px\" \/><\/a>La propuesta de 17 enmiendas constitucionales, enviado a la Corte Constitucional (CC) por el bloque oficialista de Alianza Pais, fue admitido a tr\u00e1mite. La pr\u00f3xima semana ser\u00e1 sorteado el juez que llevar\u00e1 el caso, seg\u00fan el presidente de la Corte, Patricio Pazmi\u00f1o.<\/p>\n<p>En una entrevista con el canal de televisi\u00f3n GamaTV, Pazmi\u00f1o se\u00f1al\u00f3 que el juez sorteado deber\u00e1 \u201ciniciar todo un proceso, convocar a las partes, hacer la audiencia y, en el menor tiempo posible, ese tema ser\u00e1 ya resuelto\u201d.<\/p>\n<p>Asimismo, Pazmi\u00f1o se\u00f1al\u00f3 que este tema no es de \u201cf\u00e1cil decisi\u00f3n\u201d, por lo que no asegur\u00f3 el tiempo que se tomar\u00e1 la CC en resolverlo. La Ley da un plazo de 45 d\u00edas para un pronunciamiento de la Corte.<\/p>\n<p>Adem\u00e1s, Pazmi\u00f1o dijo que para determinar si el documento enviado por Alianza Pais es una reforma o enmienda hay que apegarse a la Constituci\u00f3n de Montecristi.<\/p>\n","protected":false},"excerpt":{"rendered":"<p>La propuesta de 17 enmiendas constitucionales, enviado a la Corte Constitucional (CC) por el bloque oficialista de Alianza Pais, fue<\/p>\n","protected":false},"author":1,"featured_media":0,"comment_status":"open","ping_status":"open","sticky":false,"template":"","format":"standard","meta":{"footnotes":""},"categories":[1],"tags":[],"_links":{"self":[{"href":"https:\/\/www.ecuadoraldia.com.ec\/index.php?rest_route=\/wp\/v2\/posts\/3880"}],"collection":[{"href":"https:\/\/www.ecuadoraldia.com.ec\/index.php?rest_route=\/wp\/v2\/posts"}],"about":[{"href":"https:\/\/www.ecuadoraldia.com.ec\/index.php?rest_route=\/wp\/v2\/types\/post"}],"author":[{"embeddable":true,"href":"https:\/\/www.ecuadoraldia.com.ec\/index.php?rest_route=\/wp\/v2\/users\/1"}],"replies":[{"embeddable":true,"href":"https:\/\/www.ecuadoraldia.com.ec\/index.php?rest_route=%2Fwp%2Fv2%2Fcomments&post=3880"}],"version-history":[{"count":1,"href":"https:\/\/www.ecuadoraldia.com.ec\/index.php?rest_route=\/wp\/v2\/posts\/3880\/revisions"}],"predecessor-version":[{"id":3882,"href":"https:\/\/www.ecuadoraldia.com.ec\/index.php?rest_route=\/wp\/v2\/posts\/3880\/revisions\/3882"}],"wp:attachment":[{"href":"https:\/\/www.ecuadoraldia.com.ec\/index.php?rest_route=%2Fwp%2Fv2%2Fmedia&parent=3880"}],"wp:term":[{"taxonomy":"category","embeddable":true,"href":"https:\/\/www.ecuadoraldia.com.ec\/index.php?rest_route=%2Fwp%2Fv2%2Fcategories&post=3880"},{"taxonomy":"post_tag","embeddable":true,"href":"https:\/\/www.ecuadoraldia.com.ec\/index.php?rest_route=%2Fwp%2Fv2%2Ftags&post=3880"}],"curies":[{"name":"wp","href":"https:\/\/api.w.org\/{rel}","templated":true}]}}