{"id":3883,"date":"2014-08-04T21:53:26","date_gmt":"2014-08-04T21:53:26","guid":{"rendered":"http:\/\/www.ecuadoraldia.com.ec\/?p=3883"},"modified":"2014-08-04T21:53:26","modified_gmt":"2014-08-04T21:53:26","slug":"inicia-oficialmente-concurso-para-adjudicar-frecuencias-de-radio-y-television-en-9-provincias","status":"publish","type":"post","link":"https:\/\/www.ecuadoraldia.com.ec\/?p=3883","title":{"rendered":"Inicia oficialmente concurso para adjudicar frecuencias de radio y televisi\u00f3n en 9 provincias"},"content":{"rendered":"<p><a href=\"http:\/\/www.ecuadoraldia.com.ec\/wp-content\/uploads\/2014\/08\/radio.jpg\"><img loading=\"lazy\" decoding=\"async\" class=\"alignleft size-medium wp-image-3884\" src=\"http:\/\/www.ecuadoraldia.com.ec\/wp-content\/uploads\/2014\/08\/radio-300x225.jpg\" alt=\"radio\" width=\"300\" height=\"225\" srcset=\"https:\/\/www.ecuadoraldia.com.ec\/wp-content\/uploads\/2014\/08\/radio-300x225.jpg 300w, https:\/\/www.ecuadoraldia.com.ec\/wp-content\/uploads\/2014\/08\/radio.jpg 400w\" sizes=\"(max-width: 300px) 100vw, 300px\" \/><\/a>El Consejo Nacional de Telecomunicaciones (Conatel), presidido por el Ministro de Telecomunicaciones y de la Sociedad de la Informaci\u00f3n, Jaime Guerrero, y el Consejo de Regulaci\u00f3n y Desarrollo de la Informaci\u00f3n y Comunicaci\u00f3n (Cordicom), dirigido por Patricio Barriga, iniciaron el proceso para la adjudicaci\u00f3n de frecuencias de radio y televisi\u00f3n de se\u00f1al abierta, destinados a medios comunitarios y privados, en 9 provincias del pa\u00eds, seg\u00fan establece la Ley Org\u00e1nica de Comunicaci\u00f3n (LOC).<\/p>\n<p>El procedimiento para el otorgamiento de frecuencias, de conformidad con lo establecido en el Reglamento para la Adjudicaci\u00f3n de T\u00edtulos Habilitantes, se encuentra dividido en dos etapas sustanciales. En primer lugar, la autoridad de Telecomunicaciones, a trav\u00e9s de la Secretar\u00eda Nacional de Telecomunicaciones (Senatel), emitir\u00e1 los informes respectivos con la finalidad de poner en conocimiento del Conatel, hasta los cinco proyectos mejores puntuados; en segundo lugar, la autoridad de Telecomunicaciones solicitar\u00e1 al Cordicom la emisi\u00f3n de un informe vinculante para la adjudicaci\u00f3n de la concesi\u00f3n.<\/p>\n<p>El Ministro Guerrero precis\u00f3 este lunes, a trav\u00e9s de un comunicado de prensa, que las dos etapas sustanciales del proceso de adjudicaci\u00f3n de frecuencias son importantes para que la sociedad conozca el mecanismo transparente con el que se otorgan las frecuencias en el pa\u00eds y no como se lo hac\u00eda anteriormente. Adem\u00e1s, destac\u00f3 que este proceso se desarrolla dando cumplimiento al Art\u00edculo 110, de la LOC.<\/p>\n<p>El Presidente del Cordicom, en cambio, puntualiz\u00f3 la importancia del proyecto comunicacional a la hora de evaluar las solicitudes de frecuencias, ya que este constituye el compromiso p\u00fablico que manifiesta un medio con sus audiencias.<\/p>\n<p>Las frecuencias que salen a concurso para la adjudicaci\u00f3n al sector comunitario, tienen como finalidad cumplir con lo dispuesto en el Art. 106 de la LOC, que establece la obligatoriedad del Estado de distribuir las frecuencias del espectro radioel\u00e9ctrico de manera equitativa: 33% para el sector p\u00fablico, 33% al sector privado y 34% al sector comunitario.<\/p>\n","protected":false},"excerpt":{"rendered":"<p>El Consejo Nacional de Telecomunicaciones (Conatel), presidido por el Ministro de Telecomunicaciones y de la Sociedad de la Informaci\u00f3n, Jaime<\/p>\n","protected":false},"author":1,"featured_media":0,"comment_status":"open","ping_status":"open","sticky":false,"template":"","format":"standard","meta":{"footnotes":""},"categories":[11,1],"tags":[],"_links":{"self":[{"href":"https:\/\/www.ecuadoraldia.com.ec\/index.php?rest_route=\/wp\/v2\/posts\/3883"}],"collection":[{"href":"https:\/\/www.ecuadoraldia.com.ec\/index.php?rest_route=\/wp\/v2\/posts"}],"about":[{"href":"https:\/\/www.ecuadoraldia.com.ec\/index.php?rest_route=\/wp\/v2\/types\/post"}],"author":[{"embeddable":true,"href":"https:\/\/www.ecuadoraldia.com.ec\/index.php?rest_route=\/wp\/v2\/users\/1"}],"replies":[{"embeddable":true,"href":"https:\/\/www.ecuadoraldia.com.ec\/index.php?rest_route=%2Fwp%2Fv2%2Fcomments&post=3883"}],"version-history":[{"count":1,"href":"https:\/\/www.ecuadoraldia.com.ec\/index.php?rest_route=\/wp\/v2\/posts\/3883\/revisions"}],"predecessor-version":[{"id":3885,"href":"https:\/\/www.ecuadoraldia.com.ec\/index.php?rest_route=\/wp\/v2\/posts\/3883\/revisions\/3885"}],"wp:attachment":[{"href":"https:\/\/www.ecuadoraldia.com.ec\/index.php?rest_route=%2Fwp%2Fv2%2Fmedia&parent=3883"}],"wp:term":[{"taxonomy":"category","embeddable":true,"href":"https:\/\/www.ecuadoraldia.com.ec\/index.php?rest_route=%2Fwp%2Fv2%2Fcategories&post=3883"},{"taxonomy":"post_tag","embeddable":true,"href":"https:\/\/www.ecuadoraldia.com.ec\/index.php?rest_route=%2Fwp%2Fv2%2Ftags&post=3883"}],"curies":[{"name":"wp","href":"https:\/\/api.w.org\/{rel}","templated":true}]}}