{"id":3889,"date":"2014-08-04T22:11:34","date_gmt":"2014-08-04T22:11:34","guid":{"rendered":"http:\/\/www.ecuadoraldia.com.ec\/?p=3889"},"modified":"2014-08-04T22:11:34","modified_gmt":"2014-08-04T22:11:34","slug":"haitianos-reciben-apoyo-de-ff-aa-ecuatorianas","status":"publish","type":"post","link":"https:\/\/www.ecuadoraldia.com.ec\/?p=3889","title":{"rendered":"Haitianos reciben  apoyo de FF.AA. ecuatorianas"},"content":{"rendered":"<p><a href=\"http:\/\/www.ecuadoraldia.com.ec\/wp-content\/uploads\/2014\/08\/mafer.jpg\"><img loading=\"lazy\" decoding=\"async\" class=\"alignleft size-medium wp-image-3890\" src=\"http:\/\/www.ecuadoraldia.com.ec\/wp-content\/uploads\/2014\/08\/mafer-300x198.jpg\" alt=\"mafer\" width=\"300\" height=\"198\" srcset=\"https:\/\/www.ecuadoraldia.com.ec\/wp-content\/uploads\/2014\/08\/mafer-300x198.jpg 300w, https:\/\/www.ecuadoraldia.com.ec\/wp-content\/uploads\/2014\/08\/mafer.jpg 450w\" sizes=\"(max-width: 300px) 100vw, 300px\" \/><\/a>Mar\u00eda Fernanda Espinosa, ministra de Defensa, y su hom\u00f3logo de Hait\u00ed, Lener Renauld, evaluaron este lunes los alcances de cooperaci\u00f3n entre ambos pa\u00edses.<\/p>\n<p>En las instalaciones de la Secretar\u00eda de Defensa, la ministra Espinosa detall\u00f3 que el convenio de cooperaci\u00f3n -firmado en 2010- super\u00f3 lo establecido.<\/p>\n<p>As\u00ed, mencion\u00f3 como ejemplo la labor cumplida por el Cuerpo de Ingenieros del Ej\u00e9rcito en L\u2019Artibonite donde adem\u00e1s de reconstruir puentes y carreteras, ofrecieron capacitaci\u00f3n para la operaci\u00f3n de la maquinaria donada por Ecuador.<\/p>\n<p>\u00abLa relaci\u00f3n con Hait\u00ed en el \u00e1mbito de la Defensa se basa en principios de solidaridad internacional y respeto a la soberan\u00eda de los pueblos\u00bb, coment\u00f3 la funcionaria.<\/p>\n<p>Espinosa, adem\u00e1s, recalc\u00f3 los acuerdos alcanzados durante el encuentro y ratific\u00f3 el compromiso de formar a 2 aspirantes a oficiales de arma y 40 aspirantes especialistas de tropa en la Escuela de Formaci\u00f3n de Soldados (Esforse).<\/p>\n<p>A la vez Ecuador se comprometi\u00f3, a trav\u00e9s de la Fuerza A\u00e9rea Ecuatoriana (FAE), a brindar la capacitaci\u00f3n de un oficial piloto de helic\u00f3pteros de la Polic\u00eda haitiana, durante los meses de agosto-septiembre del 2014 y a 2 oficiales pilotos en el segundo semestre de 2015.<\/p>\n<p>Por su parte, la Brigada de Aviaci\u00f3n del Ej\u00e9rcito estudia la posibilidad de brindar capacitaci\u00f3n a 10 oficiales pilotos adicionales, durante este a\u00f1o.<\/p>\n<p>El ministro Renauld, de su parte, resalt\u00f3 el apoyo que Ecuador se ha destacado en ofrecer a su pa\u00eds y agradeci\u00f3 a las autoridades porque siempre ha estado dispuesto a cooperar ante las diversas adversidades que ha sufrido su naci\u00f3n.<\/p>\n<p>El Gobierno Nacional, mediante Acuerdo Ministerial N\u00ba 831, de 21 de mayo de 2010, dispuso a las Fuerzas Armadas (FF.AA.), a trav\u00e9s del Cuerpo de Ingenieros del Ej\u00e9rcito, la planificaci\u00f3n y ejecuci\u00f3n de obras de ayuda humanitaria emergentes en protecci\u00f3n, recuperaci\u00f3n y reconstrucci\u00f3n de Hait\u00ed, en los sectores: vial, agr\u00edcola, educativo, de salud y apoyo al desarrollo comunitario.<\/p>\n<p>Tras el acuerdo de cooperaci\u00f3n se han coordinado 4 misiones internacionales a cargo de las tres ramas de FF.AA., las que participaron en este gran proyecto en el marco de la cooperaci\u00f3n Sur-Sur. Por lo cual se han beneficiado a m\u00e1s de 150.000 haitianos, con una inversi\u00f3n superior a los $ 30 millones.<\/p>\n","protected":false},"excerpt":{"rendered":"<p>Mar\u00eda Fernanda Espinosa, ministra de Defensa, y su hom\u00f3logo de Hait\u00ed, Lener Renauld, evaluaron este lunes los alcances de cooperaci\u00f3n<\/p>\n","protected":false},"author":1,"featured_media":0,"comment_status":"open","ping_status":"open","sticky":false,"template":"","format":"standard","meta":{"footnotes":""},"categories":[1],"tags":[],"_links":{"self":[{"href":"https:\/\/www.ecuadoraldia.com.ec\/index.php?rest_route=\/wp\/v2\/posts\/3889"}],"collection":[{"href":"https:\/\/www.ecuadoraldia.com.ec\/index.php?rest_route=\/wp\/v2\/posts"}],"about":[{"href":"https:\/\/www.ecuadoraldia.com.ec\/index.php?rest_route=\/wp\/v2\/types\/post"}],"author":[{"embeddable":true,"href":"https:\/\/www.ecuadoraldia.com.ec\/index.php?rest_route=\/wp\/v2\/users\/1"}],"replies":[{"embeddable":true,"href":"https:\/\/www.ecuadoraldia.com.ec\/index.php?rest_route=%2Fwp%2Fv2%2Fcomments&post=3889"}],"version-history":[{"count":1,"href":"https:\/\/www.ecuadoraldia.com.ec\/index.php?rest_route=\/wp\/v2\/posts\/3889\/revisions"}],"predecessor-version":[{"id":3891,"href":"https:\/\/www.ecuadoraldia.com.ec\/index.php?rest_route=\/wp\/v2\/posts\/3889\/revisions\/3891"}],"wp:attachment":[{"href":"https:\/\/www.ecuadoraldia.com.ec\/index.php?rest_route=%2Fwp%2Fv2%2Fmedia&parent=3889"}],"wp:term":[{"taxonomy":"category","embeddable":true,"href":"https:\/\/www.ecuadoraldia.com.ec\/index.php?rest_route=%2Fwp%2Fv2%2Fcategories&post=3889"},{"taxonomy":"post_tag","embeddable":true,"href":"https:\/\/www.ecuadoraldia.com.ec\/index.php?rest_route=%2Fwp%2Fv2%2Ftags&post=3889"}],"curies":[{"name":"wp","href":"https:\/\/api.w.org\/{rel}","templated":true}]}}