{"id":3895,"date":"2014-08-04T22:21:27","date_gmt":"2014-08-04T22:21:27","guid":{"rendered":"http:\/\/www.ecuadoraldia.com.ec\/?p=3895"},"modified":"2014-08-04T22:21:27","modified_gmt":"2014-08-04T22:21:27","slug":"israel-y-hamas-aceptan-tregua-de-72-horas-en-gaza","status":"publish","type":"post","link":"https:\/\/www.ecuadoraldia.com.ec\/?p=3895","title":{"rendered":"Israel y Hamas aceptan tregua de 72 horas en Gaza"},"content":{"rendered":"<p>Israel tambi\u00e9n acept\u00f3 comprometerse con este alto el fuego humanitario, que entrar\u00e1 en vigor a las 08:00 locales del martes (05:00 GMT). Ello, en paralelo a la aceptaci\u00f3n de un compromiso similar por las facciones palestinas.<\/p>\n<p>De acuerdo al Canal 10 de la televisi\u00f3n israel\u00ed, la decisi\u00f3n fue adoptada hoy por el gabinete israel\u00ed despu\u00e9s de que tanto el primer ministro, Benjam\u00edn Netanyahu, como el titular de Defensa, Mosh\u00e9 Yaal\u00f3n, se mostraran partidarios de esa opci\u00f3n.<\/p>\n<p>La pol\u00edtica que seguir\u00e1 Israel es la de que \u00abla calma ser\u00e1 respondida con calma\u00bb, y seg\u00fan analistas locales, la medida ha podido ser consensuada despu\u00e9s de que se completara la misi\u00f3n principal por la que entraron tropas terrestres en la franja palestina el 17 de julio, que es la destrucci\u00f3n de los t\u00faneles con car\u00e1cter ofensivo.<\/p>\n<p>Si prospera en esta ocasi\u00f3n la interrupci\u00f3n de hostilidades durante tres d\u00edas, una delegaci\u00f3n israel\u00ed visitar\u00e1 El Cairo al objeto de abordar un acuerdo global para sellar el actual conflicto con una serie de par\u00e1metros acordados.<\/p>\n<p>Egipto todav\u00eda no ha anunciado oficialmente que ambas partes se comprometen a cesar los ataques, aunque ha exhortado a israel\u00edes y palestinos a hacerlo para \u00abrestaurar la estabilidad en la regi\u00f3n\u00bb.<a href=\"http:\/\/www.ecuadoraldia.com.ec\/wp-content\/uploads\/2014\/08\/gaza1.jpg\"><img loading=\"lazy\" decoding=\"async\" class=\"alignleft size-medium wp-image-3896\" src=\"http:\/\/www.ecuadoraldia.com.ec\/wp-content\/uploads\/2014\/08\/gaza1-300x200.jpg\" alt=\"gaza\" width=\"300\" height=\"200\" srcset=\"https:\/\/www.ecuadoraldia.com.ec\/wp-content\/uploads\/2014\/08\/gaza1-300x200.jpg 300w, https:\/\/www.ecuadoraldia.com.ec\/wp-content\/uploads\/2014\/08\/gaza1.jpg 600w\" sizes=\"(max-width: 300px) 100vw, 300px\" \/><\/a><\/p>\n","protected":false},"excerpt":{"rendered":"<p>Israel tambi\u00e9n acept\u00f3 comprometerse con este alto el fuego humanitario, que entrar\u00e1 en vigor a las 08:00 locales del martes<\/p>\n","protected":false},"author":1,"featured_media":0,"comment_status":"open","ping_status":"open","sticky":false,"template":"","format":"standard","meta":{"footnotes":""},"categories":[7],"tags":[],"_links":{"self":[{"href":"https:\/\/www.ecuadoraldia.com.ec\/index.php?rest_route=\/wp\/v2\/posts\/3895"}],"collection":[{"href":"https:\/\/www.ecuadoraldia.com.ec\/index.php?rest_route=\/wp\/v2\/posts"}],"about":[{"href":"https:\/\/www.ecuadoraldia.com.ec\/index.php?rest_route=\/wp\/v2\/types\/post"}],"author":[{"embeddable":true,"href":"https:\/\/www.ecuadoraldia.com.ec\/index.php?rest_route=\/wp\/v2\/users\/1"}],"replies":[{"embeddable":true,"href":"https:\/\/www.ecuadoraldia.com.ec\/index.php?rest_route=%2Fwp%2Fv2%2Fcomments&post=3895"}],"version-history":[{"count":1,"href":"https:\/\/www.ecuadoraldia.com.ec\/index.php?rest_route=\/wp\/v2\/posts\/3895\/revisions"}],"predecessor-version":[{"id":3897,"href":"https:\/\/www.ecuadoraldia.com.ec\/index.php?rest_route=\/wp\/v2\/posts\/3895\/revisions\/3897"}],"wp:attachment":[{"href":"https:\/\/www.ecuadoraldia.com.ec\/index.php?rest_route=%2Fwp%2Fv2%2Fmedia&parent=3895"}],"wp:term":[{"taxonomy":"category","embeddable":true,"href":"https:\/\/www.ecuadoraldia.com.ec\/index.php?rest_route=%2Fwp%2Fv2%2Fcategories&post=3895"},{"taxonomy":"post_tag","embeddable":true,"href":"https:\/\/www.ecuadoraldia.com.ec\/index.php?rest_route=%2Fwp%2Fv2%2Ftags&post=3895"}],"curies":[{"name":"wp","href":"https:\/\/api.w.org\/{rel}","templated":true}]}}