{"id":3923,"date":"2014-08-05T13:05:20","date_gmt":"2014-08-05T13:05:20","guid":{"rendered":"http:\/\/www.ecuadoraldia.com.ec\/?p=3923"},"modified":"2014-08-05T13:05:20","modified_gmt":"2014-08-05T13:05:20","slug":"los-indigenas-no-acataran-la-sentencia-sobre-su-justicia","status":"publish","type":"post","link":"https:\/\/www.ecuadoraldia.com.ec\/?p=3923","title":{"rendered":"Los ind\u00edgenas no acatar\u00e1n la sentencia sobre su justicia"},"content":{"rendered":"<p><a href=\"http:\/\/www.ecuadoraldia.com.ec\/wp-content\/uploads\/2014\/08\/conie.jpg\"><img loading=\"lazy\" decoding=\"async\" class=\"alignleft size-medium wp-image-3924\" src=\"http:\/\/www.ecuadoraldia.com.ec\/wp-content\/uploads\/2014\/08\/conie-300x192.jpg\" alt=\"CONAIE JUSTICIA INDIGENA\" width=\"300\" height=\"192\" srcset=\"https:\/\/www.ecuadoraldia.com.ec\/wp-content\/uploads\/2014\/08\/conie-300x192.jpg 300w, https:\/\/www.ecuadoraldia.com.ec\/wp-content\/uploads\/2014\/08\/conie.jpg 400w\" sizes=\"(max-width: 300px) 100vw, 300px\" \/><\/a>La resoluci\u00f3n de la Corte Constitucional (CC) en el caso La Cocha no ser\u00e1 acatada por la Confederaci\u00f3n de Nacionalidades Ind\u00edgenas del Ecuador (Conaie). El anuncio lo realiz\u00f3 su titular Jorge Herrera.<\/p>\n<p>El mi\u00e9rcoles anterior, Patricio Pazmi\u00f1o, presidente del organismo constitucional, dio lectura a la resoluci\u00f3n adoptada por el pleno de la Corte.<\/p>\n<p>Entre otras cosas, mencion\u00f3 que no hubo doble juzgamiento ni por parte de la justicia ind\u00edgena ni en el caso de la justicia ordinaria. Pero precis\u00f3 que cuando la asamblea de la comunidad de Panzaleo conoci\u00f3 el crimen de Marco Olivo \u00abno resolvi\u00f3 respecto de la protecci\u00f3n del bien jur\u00eddico vida como un fin en s\u00ed mismo, sino en funci\u00f3n de los efectos sociales y culturales que esa muerte provoc\u00f3 en la comunidad\u00bb.<\/p>\n<p>Dispuso que solo la justicia ordinaria es competente para conocer los hechos que atenten contra la vida en territorio, pueblo o nacionalidad ind\u00edgena.<\/p>\n<p>Seg\u00fan Jorge Herrera, con esa resoluci\u00f3n se viola el art\u00edculo 171 de la Constituci\u00f3n, que habla de los derechos de los pueblos ind\u00edgenas.<\/p>\n<p>Ese art\u00edculo precisa que \u00ablas autoridades en las comunidades, pueblos y nacionalidades ind\u00edgenas ejercer\u00e1n funciones jurisdiccionales, con base en sus tradiciones ancestrales y su derecho propio, dentro de su \u00e1mbito territorial&#8230;\u00bb.<\/p>\n<p>La Conaie no acatar\u00e1 el fallo y se acoger\u00e1 al derecho a la resistencia, adelant\u00f3 Herrera. Mientras el dirigente Floresmilo Simba\u00f1a insisti\u00f3 en que la Corte solo puede interpretar la Constituci\u00f3n y lo que ocurri\u00f3 en este caso fue una \u00abreforma\u00bb.<\/p>\n<p>Los ind\u00edgenas anunciaron que no exigir\u00e1n a los medios la autorizaci\u00f3n que manda la sentencia de la CC. Pero s\u00ed pedir\u00e1n que no solo muestren la sanci\u00f3n, sino los procedimientos que llevaron a adoptarla.<\/p>\n<p>Lo siguiente ser\u00e1 socializar la decisi\u00f3n en las comunidades y acudir a instancias internacionales. En su cuenta de Twitter la ministra de Justicia Ledy Z\u00fa\u00f1iga dijo que \u00abcon sentencia emitida en caso \u00abLa Cocha\u00bb @CCE_ECU define competencias de justicia ind\u00edgena y justicia ordinaria&#8230;\u00bb.<\/p>\n<p>En mayo de 2010, Marco Olivo fue asesinado en la comunidad de La Cocha, Cotopaxi. La comunidad castig\u00f3 a los sospechosos y la justicia ordinaria abri\u00f3 un expediente.<\/p>\n","protected":false},"excerpt":{"rendered":"<p>La resoluci\u00f3n de la Corte Constitucional (CC) en el caso La Cocha no ser\u00e1 acatada por la Confederaci\u00f3n de Nacionalidades<\/p>\n","protected":false},"author":1,"featured_media":0,"comment_status":"open","ping_status":"open","sticky":false,"template":"","format":"standard","meta":{"footnotes":""},"categories":[1],"tags":[],"_links":{"self":[{"href":"https:\/\/www.ecuadoraldia.com.ec\/index.php?rest_route=\/wp\/v2\/posts\/3923"}],"collection":[{"href":"https:\/\/www.ecuadoraldia.com.ec\/index.php?rest_route=\/wp\/v2\/posts"}],"about":[{"href":"https:\/\/www.ecuadoraldia.com.ec\/index.php?rest_route=\/wp\/v2\/types\/post"}],"author":[{"embeddable":true,"href":"https:\/\/www.ecuadoraldia.com.ec\/index.php?rest_route=\/wp\/v2\/users\/1"}],"replies":[{"embeddable":true,"href":"https:\/\/www.ecuadoraldia.com.ec\/index.php?rest_route=%2Fwp%2Fv2%2Fcomments&post=3923"}],"version-history":[{"count":1,"href":"https:\/\/www.ecuadoraldia.com.ec\/index.php?rest_route=\/wp\/v2\/posts\/3923\/revisions"}],"predecessor-version":[{"id":3925,"href":"https:\/\/www.ecuadoraldia.com.ec\/index.php?rest_route=\/wp\/v2\/posts\/3923\/revisions\/3925"}],"wp:attachment":[{"href":"https:\/\/www.ecuadoraldia.com.ec\/index.php?rest_route=%2Fwp%2Fv2%2Fmedia&parent=3923"}],"wp:term":[{"taxonomy":"category","embeddable":true,"href":"https:\/\/www.ecuadoraldia.com.ec\/index.php?rest_route=%2Fwp%2Fv2%2Fcategories&post=3923"},{"taxonomy":"post_tag","embeddable":true,"href":"https:\/\/www.ecuadoraldia.com.ec\/index.php?rest_route=%2Fwp%2Fv2%2Ftags&post=3923"}],"curies":[{"name":"wp","href":"https:\/\/api.w.org\/{rel}","templated":true}]}}