{"id":3926,"date":"2014-08-05T13:13:18","date_gmt":"2014-08-05T13:13:18","guid":{"rendered":"http:\/\/www.ecuadoraldia.com.ec\/?p=3926"},"modified":"2014-08-05T13:13:18","modified_gmt":"2014-08-05T13:13:18","slug":"sevilla-critica-a-la-dirigencia-criolla","status":"publish","type":"post","link":"https:\/\/www.ecuadoraldia.com.ec\/?p=3926","title":{"rendered":"Sevilla critica a la dirigencia criolla"},"content":{"rendered":"<p><a href=\"http:\/\/www.ecuadoraldia.com.ec\/wp-content\/uploads\/2014\/08\/sevilla-1.jpg\"><img loading=\"lazy\" decoding=\"async\" class=\"alignleft size-medium wp-image-3927\" src=\"http:\/\/www.ecuadoraldia.com.ec\/wp-content\/uploads\/2014\/08\/sevilla-1-300x177.jpg\" alt=\"sevilla (1)\" width=\"300\" height=\"177\" srcset=\"https:\/\/www.ecuadoraldia.com.ec\/wp-content\/uploads\/2014\/08\/sevilla-1-300x177.jpg 300w, https:\/\/www.ecuadoraldia.com.ec\/wp-content\/uploads\/2014\/08\/sevilla-1.jpg 490w\" sizes=\"(max-width: 300px) 100vw, 300px\" \/><\/a>El t\u00e9cnico Carlos Sevilla cuestion\u00f3 la decisi\u00f3n de la dirigencia de El Nacional sobre no contratar refuerzos para la segunda etapa del torneo. Anoche termin\u00f3 el plazo para inscribir a nuevos futbolistas en la Ecuaf\u00fatbol.<\/p>\n<p>Seg\u00fan \u00e9l, es necesario la contrataci\u00f3n de un delantero para llenar el vac\u00edo de Carlos Tenorio y Vinicio Angulo. El primero se vincul\u00f3 al f\u00fatbol boliviano y el segundo fue separado por indisciplina.<\/p>\n<p>\u00abLos se\u00f1ores dirigentes est\u00e1n empecinados en no contratar a m\u00e1s refuerzos. Por lo tanto, no le veo futuro a este equipo. Necesito que me ayuden. Necesito que me den delanteros. Nos vamos a ir de la categor\u00eda porque no tenemos jugadores para poner en el campo de juego\u00bb, explic\u00f3 el estratega imbabure\u00f1o, de 64 a\u00f1os.<\/p>\n<p>Aclar\u00f3 que no est\u00e1 pidiendo atacantes que ganen 30.000 d\u00f3lares mensuales. Solicita refuerzos que est\u00e1n dentro del presupuesto del club.<\/p>\n<p>\u00abS\u00ed se puede contratar futbolistas de 3.000 d\u00f3lares. Hoy (ayer) se cierran las inscripciones, por eso es mi desesperaci\u00f3n. Si no me traen jugadores, seguir\u00e9 trabajando normal como lo vengo haciendo. Pero si perdemos la categor\u00eda no quiero que digan que fue mi culpa\u00bb, a\u00f1adi\u00f3 molesto.<\/p>\n<p>Se debe pedir, agreg\u00f3, la receta a Barcelona de Guayaquil. Debiendo, como dicen 20 millones de d\u00f3lares, sigue trayendo jugadores, insisti\u00f3.<\/p>\n<p>\u00abSe est\u00e1n ahorrando 200.000 d\u00f3lares por la salida de Tenorio y Angulo. Pero no quieren contratar m\u00e1s. Por ahorrarse ese dinero se va a perder la categor\u00eda y para recuperarla lo m\u00ednimo que hay que invertir son tres millones de d\u00f3lares\u00bb, advirti\u00f3.<\/p>\n<p>Sevilla asegur\u00f3 que falt\u00f3 apoyo de la dirigencia para el equipo en la primera etapa. El Nacional remat\u00f3 en el s\u00e9ptimo lugar, a cuatro puntos de los colistas Manta y Cuenca. Pese a que su pedido no ser\u00e1 atendido por la directiva, dijo que no renunciar\u00e1 y que se va a quedar para cumplir el contrato, hasta el 31 de diciembre.<\/p>\n<p>Mientras que el titular del cuadro, Jorge Yunda, confirm\u00f3 que no contratar\u00e1n a ning\u00fan otro jugador. \u00abA pesar del llanto y moqueo del profesor Sevilla, no vamos a contratar a m\u00e1s jugadores. As\u00ed tengamos que tocar piso, seguiremos dando la oportunidad a nuestros j\u00f3venes\u00bb, dijo ayer a EXPRESO.<\/p>\n<p>Seg\u00fan \u00e9l, hay dos razones para no hacerlo: primero porque no tienen dinero; y segundo para pagar 10.000 y 15.000 d\u00f3lares a jugadores que est\u00e1n de retirada, prefieren invertir en los muchachos.<\/p>\n<p>Yunda y Sevilla ten\u00edan previsto reunirse anoche.<\/p>\n","protected":false},"excerpt":{"rendered":"<p>El t\u00e9cnico Carlos Sevilla cuestion\u00f3 la decisi\u00f3n de la dirigencia de El Nacional sobre no contratar refuerzos para la segunda<\/p>\n","protected":false},"author":1,"featured_media":0,"comment_status":"open","ping_status":"open","sticky":false,"template":"","format":"standard","meta":{"footnotes":""},"categories":[10],"tags":[],"_links":{"self":[{"href":"https:\/\/www.ecuadoraldia.com.ec\/index.php?rest_route=\/wp\/v2\/posts\/3926"}],"collection":[{"href":"https:\/\/www.ecuadoraldia.com.ec\/index.php?rest_route=\/wp\/v2\/posts"}],"about":[{"href":"https:\/\/www.ecuadoraldia.com.ec\/index.php?rest_route=\/wp\/v2\/types\/post"}],"author":[{"embeddable":true,"href":"https:\/\/www.ecuadoraldia.com.ec\/index.php?rest_route=\/wp\/v2\/users\/1"}],"replies":[{"embeddable":true,"href":"https:\/\/www.ecuadoraldia.com.ec\/index.php?rest_route=%2Fwp%2Fv2%2Fcomments&post=3926"}],"version-history":[{"count":1,"href":"https:\/\/www.ecuadoraldia.com.ec\/index.php?rest_route=\/wp\/v2\/posts\/3926\/revisions"}],"predecessor-version":[{"id":3928,"href":"https:\/\/www.ecuadoraldia.com.ec\/index.php?rest_route=\/wp\/v2\/posts\/3926\/revisions\/3928"}],"wp:attachment":[{"href":"https:\/\/www.ecuadoraldia.com.ec\/index.php?rest_route=%2Fwp%2Fv2%2Fmedia&parent=3926"}],"wp:term":[{"taxonomy":"category","embeddable":true,"href":"https:\/\/www.ecuadoraldia.com.ec\/index.php?rest_route=%2Fwp%2Fv2%2Fcategories&post=3926"},{"taxonomy":"post_tag","embeddable":true,"href":"https:\/\/www.ecuadoraldia.com.ec\/index.php?rest_route=%2Fwp%2Fv2%2Ftags&post=3926"}],"curies":[{"name":"wp","href":"https:\/\/api.w.org\/{rel}","templated":true}]}}