{"id":3929,"date":"2014-08-05T13:18:34","date_gmt":"2014-08-05T13:18:34","guid":{"rendered":"http:\/\/www.ecuadoraldia.com.ec\/?p=3929"},"modified":"2014-08-05T13:18:34","modified_gmt":"2014-08-05T13:18:34","slug":"nuevos-circuitos-para-quitumbe-y-carapungo","status":"publish","type":"post","link":"https:\/\/www.ecuadoraldia.com.ec\/?p=3929","title":{"rendered":"Nuevos circuitos para Quitumbe y Carapungo"},"content":{"rendered":"<p><a href=\"http:\/\/www.ecuadoraldia.com.ec\/wp-content\/uploads\/2014\/08\/nuevos-circuitosquitumbe.jpg\"><img loading=\"lazy\" decoding=\"async\" class=\"alignleft size-medium wp-image-3930\" src=\"http:\/\/www.ecuadoraldia.com.ec\/wp-content\/uploads\/2014\/08\/nuevos-circuitosquitumbe-300x183.jpg\" alt=\"nuevos-circuitosquitumbe\" width=\"300\" height=\"183\" srcset=\"https:\/\/www.ecuadoraldia.com.ec\/wp-content\/uploads\/2014\/08\/nuevos-circuitosquitumbe-300x183.jpg 300w, https:\/\/www.ecuadoraldia.com.ec\/wp-content\/uploads\/2014\/08\/nuevos-circuitosquitumbe.jpg 467w\" sizes=\"(max-width: 300px) 100vw, 300px\" \/><\/a>Circuitos semiexpresos del sistema de transporte metropolitano se pondr\u00e1n en funcionamiento este mes desde Quitumbe, en el sur, y Carapungo, en el norte, hacia el hipercentro de la ciudad.<\/p>\n<p>Estos servicios se implementar\u00e1n en el marco de la declaratoria de emergencia de este medio de locomoci\u00f3n que ha permitido rehabilitar a una parte de la flota.<\/p>\n<p>El gerente general de la Empresa P\u00fablica Metropolitana de Transporte de Pasajeros de Quito, Rub\u00e9n Lozano, inform\u00f3 ayer que en esta semana se habilitar\u00e1 el servicio directo entre las terminales interprovinciales de Quitumbe y Carcel\u00e9n, con una sola parada en el parque de El Ejido.<\/p>\n<p>La idea es optimizar el tiempo de viaje de los residentes de la capital, que buscan trasladarse hacia distintos destinos del norte y sur del pa\u00eds, y que tienen que atravesar la ciudad para embarcarse en los buses interprovinciales. La tarifa por el transporte municipal es de 50 centavos de d\u00f3lar.<\/p>\n<p>Lozano tambi\u00e9n adelant\u00f3 que para la tercera semana de este mes se tiene previsto implementar el servicio semiexpreso desde Carapungo hacia el sector de la R\u00edo Coca, la avenida Naciones Unidas y la Casa de la Cultura, para evitar que el transporte informal contin\u00fae operando en dicha zona.<\/p>\n<p>Resultados<\/p>\n<p>El funcionario resalt\u00f3 que la declaratoria de emergencia del transporte metropolitano, decidida hace un mes por el alcalde Mauricio Rodas, ha permitido recuperar 16 unidades del Troleb\u00fas y la Ecov\u00eda, y disminuir en un 11% el nivel de saturaci\u00f3n del servicio.<\/p>\n<p>Entre los usuarios, sin embargo, se mantiene la disconformidad. M\u00f3nica Torres, quien trabaja en una empresa privada, sostuvo que el ingreso a los veh\u00edculos articulados se da en medio de empujones durante las horas pico, aunque Esteban L\u00f3pez destac\u00f3 que por lo menos ha aumentado el n\u00famero de buses.<\/p>\n<p>Rub\u00e9n Lozano afirm\u00f3 que con el incremento de las unidades operativas, los veh\u00edculos salen de las estaciones con intervalos de entre 1,5 y 2 minutos, y afirm\u00f3 que, en el caso del Trole, el recorrido se lo hace en 38 minutos, despu\u00e9s de que se reforz\u00f3 el control al uso del carril exclusivo.<\/p>\n<p>Problemas que persisten<\/p>\n<p>La falta de seguridad y aseo en algunos andenes y paradas son otros de los problemas que se mantienen, pese a la emergencia, seg\u00fan denunciaron Juan Carlos Sula y Adriana Polo. \u201cLos carteristas hacen de las suyas en la estaci\u00f3n norte del Trole\u201d, asever\u00f3 Sula.<\/p>\n<p>Frente a esto, Lozano manifest\u00f3 que a mediados de agosto se instalar\u00e1n \u2018puntos seguros\u2019 para receptar las denuncias de los usuarios y que tambi\u00e9n se analizan \u2018mecanismos adecuados de limpieza\u2019 para el sistema.<\/p>\n<p>&nbsp;<\/p>\n","protected":false},"excerpt":{"rendered":"<p>Circuitos semiexpresos del sistema de transporte metropolitano se pondr\u00e1n en funcionamiento este mes desde Quitumbe, en el sur, y Carapungo,<\/p>\n","protected":false},"author":1,"featured_media":0,"comment_status":"open","ping_status":"open","sticky":false,"template":"","format":"standard","meta":{"footnotes":""},"categories":[14],"tags":[],"_links":{"self":[{"href":"https:\/\/www.ecuadoraldia.com.ec\/index.php?rest_route=\/wp\/v2\/posts\/3929"}],"collection":[{"href":"https:\/\/www.ecuadoraldia.com.ec\/index.php?rest_route=\/wp\/v2\/posts"}],"about":[{"href":"https:\/\/www.ecuadoraldia.com.ec\/index.php?rest_route=\/wp\/v2\/types\/post"}],"author":[{"embeddable":true,"href":"https:\/\/www.ecuadoraldia.com.ec\/index.php?rest_route=\/wp\/v2\/users\/1"}],"replies":[{"embeddable":true,"href":"https:\/\/www.ecuadoraldia.com.ec\/index.php?rest_route=%2Fwp%2Fv2%2Fcomments&post=3929"}],"version-history":[{"count":1,"href":"https:\/\/www.ecuadoraldia.com.ec\/index.php?rest_route=\/wp\/v2\/posts\/3929\/revisions"}],"predecessor-version":[{"id":3931,"href":"https:\/\/www.ecuadoraldia.com.ec\/index.php?rest_route=\/wp\/v2\/posts\/3929\/revisions\/3931"}],"wp:attachment":[{"href":"https:\/\/www.ecuadoraldia.com.ec\/index.php?rest_route=%2Fwp%2Fv2%2Fmedia&parent=3929"}],"wp:term":[{"taxonomy":"category","embeddable":true,"href":"https:\/\/www.ecuadoraldia.com.ec\/index.php?rest_route=%2Fwp%2Fv2%2Fcategories&post=3929"},{"taxonomy":"post_tag","embeddable":true,"href":"https:\/\/www.ecuadoraldia.com.ec\/index.php?rest_route=%2Fwp%2Fv2%2Ftags&post=3929"}],"curies":[{"name":"wp","href":"https:\/\/api.w.org\/{rel}","templated":true}]}}