{"id":4032,"date":"2014-08-08T00:47:02","date_gmt":"2014-08-08T00:47:02","guid":{"rendered":"http:\/\/www.ecuadoraldia.com.ec\/?p=4032"},"modified":"2014-08-08T00:47:02","modified_gmt":"2014-08-08T00:47:02","slug":"ecuador-sub-16-jugara-las-semifinales-de-la-copa-de-naciones-contra-eeuu","status":"publish","type":"post","link":"https:\/\/www.ecuadoraldia.com.ec\/?p=4032","title":{"rendered":"Ecuador sub-16 jugar\u00e1 las semifinales de la Copa de Naciones contra EEUU"},"content":{"rendered":"<p><a href=\"http:\/\/www.ecuadoraldia.com.ec\/wp-content\/uploads\/2014\/08\/sub20.jpg\"><img loading=\"lazy\" decoding=\"async\" class=\"alignleft size-medium wp-image-4033\" src=\"http:\/\/www.ecuadoraldia.com.ec\/wp-content\/uploads\/2014\/08\/sub20-300x200.jpg\" alt=\"sub20\" width=\"300\" height=\"200\" srcset=\"https:\/\/www.ecuadoraldia.com.ec\/wp-content\/uploads\/2014\/08\/sub20-300x200.jpg 300w, https:\/\/www.ecuadoraldia.com.ec\/wp-content\/uploads\/2014\/08\/sub20.jpg 600w\" sizes=\"(max-width: 300px) 100vw, 300px\" \/><\/a>La sub-16 de Ecuador se mantiene invicta en la Copa M\u00e9xico de Naciones y el viernes disputar\u00e1 las semifinales del torneo ante su similar de Estados Unidos.<\/p>\n<p>La Tricolor gole\u00f3 este mi\u00e9rcoles por 3-0 a Corea del Sur, en la fase de los cuartos de final, con anotaciones de Fabiano Tello (19m), Jhoel Monta\u00f1o (43m) y Washington Corozo (62m).<\/p>\n<p>El primer tiempo fue dominado por los ecuatorianos, con un buen juego de conjunto, as\u00ed como con gran velocidad. El gol lleg\u00f3 al minuto 19 por intermedio de Tello.<\/p>\n<p>El segundo tanto se concret\u00f3 a los 43m despu\u00e9s de una gran acci\u00f3n colectiva de los tricolores que culmin\u00f3 Jhoel Monta\u00f1o por derecha.<\/p>\n<p>Fue al 62m, cuando Ecuador sell\u00f3 el marcador. Washington Corozo, quien ten\u00eda pocos minutos de haber ingresado al campo, puso el 3-0 con un disparo cruzado por izquierda.<\/p>\n<p>El choque ante los norteamericanos ser\u00e1 el viernes 8 de agosto (a las 10:00 hora mexicana) en el Centro de Capacitaci\u00f3n de la Federaci\u00f3n Mexicana de F\u00fatbol.<\/p>\n<p>El otro duelo de las semifinales, Brasil vs. Paraguay, se disputa el viernes, a las 12:00 (hora mexicana).<\/p>\n","protected":false},"excerpt":{"rendered":"<p>La sub-16 de Ecuador se mantiene invicta en la Copa M\u00e9xico de Naciones y el viernes disputar\u00e1 las semifinales del<\/p>\n","protected":false},"author":1,"featured_media":0,"comment_status":"open","ping_status":"open","sticky":false,"template":"","format":"standard","meta":{"footnotes":""},"categories":[10],"tags":[],"_links":{"self":[{"href":"https:\/\/www.ecuadoraldia.com.ec\/index.php?rest_route=\/wp\/v2\/posts\/4032"}],"collection":[{"href":"https:\/\/www.ecuadoraldia.com.ec\/index.php?rest_route=\/wp\/v2\/posts"}],"about":[{"href":"https:\/\/www.ecuadoraldia.com.ec\/index.php?rest_route=\/wp\/v2\/types\/post"}],"author":[{"embeddable":true,"href":"https:\/\/www.ecuadoraldia.com.ec\/index.php?rest_route=\/wp\/v2\/users\/1"}],"replies":[{"embeddable":true,"href":"https:\/\/www.ecuadoraldia.com.ec\/index.php?rest_route=%2Fwp%2Fv2%2Fcomments&post=4032"}],"version-history":[{"count":1,"href":"https:\/\/www.ecuadoraldia.com.ec\/index.php?rest_route=\/wp\/v2\/posts\/4032\/revisions"}],"predecessor-version":[{"id":4034,"href":"https:\/\/www.ecuadoraldia.com.ec\/index.php?rest_route=\/wp\/v2\/posts\/4032\/revisions\/4034"}],"wp:attachment":[{"href":"https:\/\/www.ecuadoraldia.com.ec\/index.php?rest_route=%2Fwp%2Fv2%2Fmedia&parent=4032"}],"wp:term":[{"taxonomy":"category","embeddable":true,"href":"https:\/\/www.ecuadoraldia.com.ec\/index.php?rest_route=%2Fwp%2Fv2%2Fcategories&post=4032"},{"taxonomy":"post_tag","embeddable":true,"href":"https:\/\/www.ecuadoraldia.com.ec\/index.php?rest_route=%2Fwp%2Fv2%2Ftags&post=4032"}],"curies":[{"name":"wp","href":"https:\/\/api.w.org\/{rel}","templated":true}]}}