{"id":4035,"date":"2014-08-08T01:04:45","date_gmt":"2014-08-08T01:04:45","guid":{"rendered":"http:\/\/www.ecuadoraldia.com.ec\/?p=4035"},"modified":"2014-08-08T01:04:45","modified_gmt":"2014-08-08T01:04:45","slug":"israel-y-hamas-esbozan-solucion","status":"publish","type":"post","link":"https:\/\/www.ecuadoraldia.com.ec\/?p=4035","title":{"rendered":"Israel y Ham\u00e1s esbozan soluci\u00f3n"},"content":{"rendered":"<p><a href=\"http:\/\/www.ecuadoraldia.com.ec\/wp-content\/uploads\/2014\/08\/gaza2.jpg\"><img loading=\"lazy\" decoding=\"async\" class=\"alignleft size-medium wp-image-4036\" src=\"http:\/\/www.ecuadoraldia.com.ec\/wp-content\/uploads\/2014\/08\/gaza2-300x168.jpg\" alt=\"gaza\" width=\"300\" height=\"168\" srcset=\"https:\/\/www.ecuadoraldia.com.ec\/wp-content\/uploads\/2014\/08\/gaza2-300x168.jpg 300w, https:\/\/www.ecuadoraldia.com.ec\/wp-content\/uploads\/2014\/08\/gaza2.jpg 627w\" sizes=\"(max-width: 300px) 100vw, 300px\" \/><\/a>Las negociaciones indirectas entre Israel y los palestinos sobre extender el cese al fuego en la Franja de Gaza y terminar el bloqueo al destrozado territorio comenzaron ayer en El Cairo, con posiciones de l\u00ednea dura en ambas partes.<\/p>\n<p>Israel quiere que la milicia isl\u00e1mica Ham\u00e1s se desarme, o por lo menos garantizar que no se rearme, antes de responder a su reclamo de reapertura de las fronteras del territorio. Israel y Egipto las cerraron cuando Ham\u00e1s tom\u00f3 el poder en Gaza en 2007, aunque Egipto permite que individuos crucen intermitentemente.<\/p>\n<p>\u201cLas dos partes han repasado lo que consideran asuntos preocupantes\u201d, dijo el ministro egipcio de Relaciones Exteriores, Sameh Shukri, y describi\u00f3 las negociaciones como \u201ccomplicadas y no f\u00e1ciles\u201d.<\/p>\n<p>Hazem Abu Shanab, un miembro de Al Fat\u00e1, una de las principales facciones involucradas en las negociaciones, dijo que el desarme requerir\u00eda que Israel se retire del territorio palestino ocupado.<\/p>\n<p>Mientras tanto, en Jerusal\u00e9n, el primer ministro israel\u00ed Benjamin Netanyahu defendi\u00f3 el intenso bombardeo sobre Gaza, al indicar que fue una respuesta \u201cjustificada\u201d y \u201cproporcional\u201d a los ataques permanentes de Ham\u00e1s.<\/p>\n<p>Netanyahu present\u00f3 un video que, dijo, mostraba a milicianos disparando cohetes desde \u00e1reas cercanas a escuelas y a Ham\u00e1s utilizando civiles como escudos humanos.<\/p>\n<p>\u201cNuestro enemigo es Ham\u00e1s, nuestros enemigos son las otras organizaciones terroristas que tratan de matar a nuestro pueblo, y nosotros hemos tomado medidas extraordinarias para evitar v\u00edctimas civiles\u201d, se\u00f1al\u00f3.<\/p>\n<p>La delegaci\u00f3n palestina en El Cairo est\u00e1 compuesta de negociadores de todas las facciones, incluido Ham\u00e1s, y se est\u00e1 reuniendo con el director de Inteligencia de Egipto.<\/p>\n<p>\u201cEl asunto m\u00e1s importante para nosotros es retirar el bloqueo e iniciar la reconstrucci\u00f3n de Gaza\u201d, dijo Bassam Salhi, un delegado palestino.<\/p>\n<p>Si bien las conversaciones apenas comienzan, ya aparece el esbozo de una posible soluci\u00f3n, que incluye la reconstrucci\u00f3n de Gaza con fondos internacionales y supervisada por un gobierno de unidad palestino encabezado por el presidente Mahmud Ab\u00e1s.<\/p>\n","protected":false},"excerpt":{"rendered":"<p>Las negociaciones indirectas entre Israel y los palestinos sobre extender el cese al fuego en la Franja de Gaza y<\/p>\n","protected":false},"author":1,"featured_media":0,"comment_status":"open","ping_status":"open","sticky":false,"template":"","format":"standard","meta":{"footnotes":""},"categories":[7],"tags":[],"_links":{"self":[{"href":"https:\/\/www.ecuadoraldia.com.ec\/index.php?rest_route=\/wp\/v2\/posts\/4035"}],"collection":[{"href":"https:\/\/www.ecuadoraldia.com.ec\/index.php?rest_route=\/wp\/v2\/posts"}],"about":[{"href":"https:\/\/www.ecuadoraldia.com.ec\/index.php?rest_route=\/wp\/v2\/types\/post"}],"author":[{"embeddable":true,"href":"https:\/\/www.ecuadoraldia.com.ec\/index.php?rest_route=\/wp\/v2\/users\/1"}],"replies":[{"embeddable":true,"href":"https:\/\/www.ecuadoraldia.com.ec\/index.php?rest_route=%2Fwp%2Fv2%2Fcomments&post=4035"}],"version-history":[{"count":1,"href":"https:\/\/www.ecuadoraldia.com.ec\/index.php?rest_route=\/wp\/v2\/posts\/4035\/revisions"}],"predecessor-version":[{"id":4037,"href":"https:\/\/www.ecuadoraldia.com.ec\/index.php?rest_route=\/wp\/v2\/posts\/4035\/revisions\/4037"}],"wp:attachment":[{"href":"https:\/\/www.ecuadoraldia.com.ec\/index.php?rest_route=%2Fwp%2Fv2%2Fmedia&parent=4035"}],"wp:term":[{"taxonomy":"category","embeddable":true,"href":"https:\/\/www.ecuadoraldia.com.ec\/index.php?rest_route=%2Fwp%2Fv2%2Fcategories&post=4035"},{"taxonomy":"post_tag","embeddable":true,"href":"https:\/\/www.ecuadoraldia.com.ec\/index.php?rest_route=%2Fwp%2Fv2%2Ftags&post=4035"}],"curies":[{"name":"wp","href":"https:\/\/api.w.org\/{rel}","templated":true}]}}