{"id":4061,"date":"2014-08-09T16:15:16","date_gmt":"2014-08-09T16:15:16","guid":{"rendered":"http:\/\/www.ecuadoraldia.com.ec\/?p=4061"},"modified":"2014-08-09T16:15:16","modified_gmt":"2014-08-09T16:15:16","slug":"mera-la-cidh-no-tiene-competencias-para-plantear-medidas-cautelares-ni-poner-plazos","status":"publish","type":"post","link":"https:\/\/www.ecuadoraldia.com.ec\/?p=4061","title":{"rendered":"Mera: La CIDH no tiene competencias para plantear medidas cautelares ni poner plazos"},"content":{"rendered":"<p><a href=\"http:\/\/www.ecuadoraldia.com.ec\/wp-content\/uploads\/2014\/08\/alexis_m.jpg\"><img loading=\"lazy\" decoding=\"async\" class=\"alignleft size-medium wp-image-4062\" src=\"http:\/\/www.ecuadoraldia.com.ec\/wp-content\/uploads\/2014\/08\/alexis_m-300x212.jpg\" alt=\"alexis_m\" width=\"300\" height=\"212\" srcset=\"https:\/\/www.ecuadoraldia.com.ec\/wp-content\/uploads\/2014\/08\/alexis_m-300x212.jpg 300w, https:\/\/www.ecuadoraldia.com.ec\/wp-content\/uploads\/2014\/08\/alexis_m.jpg 580w\" sizes=\"(max-width: 300px) 100vw, 300px\" \/><\/a>Quito (Pichincha).- El secretario jur\u00eddico de Presidencia, Alexis Mera, rechaz\u00f3 los plazos impuestos por la Comisi\u00f3n Interamericana de Derechos Humanos (CIDH) para que el Gobierno env\u00ede informaci\u00f3n acerca del cumplimiento de las medidas cautelares emitidas a favor del exasamble\u00edsta Cl\u00e9ver Jim\u00e9nez, y dos de sus asesores, sentenciados a penas de c\u00e1rcel por injurias al Presidente Rafael Correa.<\/p>\n<p>En d\u00edas pasados, los abogados de Cl\u00e9ver Jim\u00e9nez, Fernando Villavicencio (pr\u00f3fugos de la justicia tras ser sentenciados a 18 meses de c\u00e1rcel) y Carlos Figueroa (que cumple una pena de seis meses de prisi\u00f3n) recibieron una comunicaci\u00f3n de la CIDH, en la que se les informa que \u201c\u2026 el 30 de junio de 2014, la Comisi\u00f3n decidi\u00f3 mantener vigentes las medidas cautelares\u2026\u201d, dictadas a su favor, seg\u00fan inform\u00f3 la cadena televisiva Ecuavisa.<\/p>\n<p>En el documento, la CIDH requiere a Ecuador informaci\u00f3n acerca de qu\u00e9 mecanismos se estar\u00edan adoptando en la actualidad para implementar las presentes medidas cautelares y cu\u00e1les ser\u00edan las circunstancias actuales de Carlos Figueroa, capturado el pasado julio.<\/p>\n<p>Alexis Mera enfatiz\u00f3 que la CIDH no tiene competencia, ni para dictar medidas cautelares, ni para ponerle plazos al Ecuador, y que si el Gobierno contesta lo har\u00e1 en esos t\u00e9rminos, rechazando de esta forma los condicionamientos del organismo.<\/p>\n<p>\u201cEso no tiene ning\u00fan valor legal, eso para nosotros es una opini\u00f3n de personas totalmente sesgadas y que tienen intereses particulares, que no le vamos a reconocer ning\u00fan tipo de competencia (\u2026), no tienen porqu\u00e9 darnos plazos\u201d, dijo Mera.<\/p>\n<p>Los tres sentenciados fueron acusados de injurias por llamar \u201cgenocida\u201d al Presidente Correa, a quien denunciaron de haber, supuestamente, ordenado disparar contra ciudadanos el 30 de septiembre de 2010, d\u00eda de la revuelta policial e intento de golpe de Estado.<br \/>\nSin embargo, luego de nueve meses de investigaci\u00f3n, la Fiscal\u00eda no encontr\u00f3 pruebas sobre esta denuncia y fue declarada maliciosa y temeraria, lo que dio la pauta para que el Mandatario los contrademande.<\/p>\n<p>Luego de un debido proceso judicial, los procesados fueron hallados culpables, tras lo cual fugaron de la justicia. Figueroa fue detenido en Quito en julio tras un operativo y al momento cumple su condena de seis meses en el Centro de Rehabilitaci\u00f3n Social n\u00famero cuatro de la capital. \/ Andes.<\/p>\n","protected":false},"excerpt":{"rendered":"<p>Quito (Pichincha).- El secretario jur\u00eddico de Presidencia, Alexis Mera, rechaz\u00f3 los plazos impuestos por la Comisi\u00f3n Interamericana de Derechos Humanos<\/p>\n","protected":false},"author":1,"featured_media":0,"comment_status":"open","ping_status":"open","sticky":false,"template":"","format":"standard","meta":{"footnotes":""},"categories":[3],"tags":[],"_links":{"self":[{"href":"https:\/\/www.ecuadoraldia.com.ec\/index.php?rest_route=\/wp\/v2\/posts\/4061"}],"collection":[{"href":"https:\/\/www.ecuadoraldia.com.ec\/index.php?rest_route=\/wp\/v2\/posts"}],"about":[{"href":"https:\/\/www.ecuadoraldia.com.ec\/index.php?rest_route=\/wp\/v2\/types\/post"}],"author":[{"embeddable":true,"href":"https:\/\/www.ecuadoraldia.com.ec\/index.php?rest_route=\/wp\/v2\/users\/1"}],"replies":[{"embeddable":true,"href":"https:\/\/www.ecuadoraldia.com.ec\/index.php?rest_route=%2Fwp%2Fv2%2Fcomments&post=4061"}],"version-history":[{"count":1,"href":"https:\/\/www.ecuadoraldia.com.ec\/index.php?rest_route=\/wp\/v2\/posts\/4061\/revisions"}],"predecessor-version":[{"id":4063,"href":"https:\/\/www.ecuadoraldia.com.ec\/index.php?rest_route=\/wp\/v2\/posts\/4061\/revisions\/4063"}],"wp:attachment":[{"href":"https:\/\/www.ecuadoraldia.com.ec\/index.php?rest_route=%2Fwp%2Fv2%2Fmedia&parent=4061"}],"wp:term":[{"taxonomy":"category","embeddable":true,"href":"https:\/\/www.ecuadoraldia.com.ec\/index.php?rest_route=%2Fwp%2Fv2%2Fcategories&post=4061"},{"taxonomy":"post_tag","embeddable":true,"href":"https:\/\/www.ecuadoraldia.com.ec\/index.php?rest_route=%2Fwp%2Fv2%2Ftags&post=4061"}],"curies":[{"name":"wp","href":"https:\/\/api.w.org\/{rel}","templated":true}]}}