{"id":4064,"date":"2014-08-09T16:17:14","date_gmt":"2014-08-09T16:17:14","guid":{"rendered":"http:\/\/www.ecuadoraldia.com.ec\/?p=4064"},"modified":"2014-08-09T16:17:14","modified_gmt":"2014-08-09T16:17:14","slug":"ignacio-tenia-ruidos-en-mi-cabeza-ahora-se-quien-soy","status":"publish","type":"post","link":"https:\/\/www.ecuadoraldia.com.ec\/?p=4064","title":{"rendered":"Ignacio: \u201cTen\u00eda ruidos en mi cabeza&#8230; Ahora s\u00e9 qui\u00e9n soy\u201d"},"content":{"rendered":"<p><a href=\"http:\/\/www.ecuadoraldia.com.ec\/wp-content\/uploads\/2014\/08\/abu.jpg\"><img loading=\"lazy\" decoding=\"async\" class=\"alignleft size-medium wp-image-4065\" src=\"http:\/\/www.ecuadoraldia.com.ec\/wp-content\/uploads\/2014\/08\/abu-300x206.jpg\" alt=\"EL NIETO DE ESTELA DE CARLOTTO: ME PARECE MARAVILLOSO Y M\u00c1GICO TODO ESTO\" width=\"300\" height=\"206\" srcset=\"https:\/\/www.ecuadoraldia.com.ec\/wp-content\/uploads\/2014\/08\/abu-300x206.jpg 300w, https:\/\/www.ecuadoraldia.com.ec\/wp-content\/uploads\/2014\/08\/abu.jpg 800w\" sizes=\"(max-width: 300px) 100vw, 300px\" \/><\/a>Agencia AFP. Sin atisbos de melancol\u00eda ni muestras de dolor, Ignacio Hurban, de 36 a\u00f1os, el nieto recuperado de Estela de Carlotto, la titular de Abuelas de Plaza de Mayo, se present\u00f3 ayer p\u00fablicamente en rueda de prensa junto a su abuela.<\/p>\n<p>El joven, quien se enter\u00f3 hace 48 horas de que era el beb\u00e9 robado 114 en la dictadura argentina (1976 &#8211; 1983) que busc\u00f3 por m\u00e1s de 3 d\u00e9cadas su reconocida abuela, dijo mirando a Estela de Carlotto: \u201cEstoy disfrutando, pero lo que m\u00e1s disfruto es la felicidad en los dem\u00e1s\u201d.<\/p>\n<p>\u201cHe tenido una vida feliz y me han pasado muchas cosas maravillosas y hoy vivo otra parte maravillosa de la vida\u201d, dijo ante periodistas en la sede de la ONG Abuelas de Plaza de Mayo en Buenos Aires.<\/p>\n<p>Sobre las razones que lo llevaron a dudar sobre su identidad, dijo: \u201cNo s\u00e9 exactamente qu\u00e9 era (&#8230;) Ten\u00eda ruidos en mi cabeza, cosas que no me encajaban, que me trajeron hasta ac\u00e1\u201d, revel\u00f3 el m\u00fasico criado como Ignacio Hurban en el campo de Olavarr\u00eda, 350 km al sudoeste de Buenos Aires.<\/p>\n<p>Ignacio Hurban cont\u00f3 sin dar detalles que se enter\u00f3 de que era adoptado hace 2 meses y \u201cde ah\u00ed viene un proceso un poco complejo, como se imaginar\u00e1n\u201d, mencion\u00f3.<\/p>\n<p>El m\u00fasico dijo que seguir\u00e1 usando el nombre de Ignacio, al que est\u00e1 \u201cacostumbrado\u201d. \u201cTambi\u00e9n entiendo que hay una familia para la que yo soy Guido, me siento c\u00f3modo con eso y con la verdad que me toca, estoy feliz. Hace solo 2 d\u00edas que s\u00e9 qui\u00e9n soy de verdad\u201d, a\u00f1adi\u00f3.<\/p>\n<p>Guido fue arrebatado de su madre en 1978, 5 horas despu\u00e9s de nacer en un centro clandestino de la dictadura.<\/p>\n","protected":false},"excerpt":{"rendered":"<p>Agencia AFP. Sin atisbos de melancol\u00eda ni muestras de dolor, Ignacio Hurban, de 36 a\u00f1os, el nieto recuperado de Estela<\/p>\n","protected":false},"author":1,"featured_media":0,"comment_status":"open","ping_status":"open","sticky":false,"template":"","format":"standard","meta":{"footnotes":""},"categories":[7],"tags":[],"_links":{"self":[{"href":"https:\/\/www.ecuadoraldia.com.ec\/index.php?rest_route=\/wp\/v2\/posts\/4064"}],"collection":[{"href":"https:\/\/www.ecuadoraldia.com.ec\/index.php?rest_route=\/wp\/v2\/posts"}],"about":[{"href":"https:\/\/www.ecuadoraldia.com.ec\/index.php?rest_route=\/wp\/v2\/types\/post"}],"author":[{"embeddable":true,"href":"https:\/\/www.ecuadoraldia.com.ec\/index.php?rest_route=\/wp\/v2\/users\/1"}],"replies":[{"embeddable":true,"href":"https:\/\/www.ecuadoraldia.com.ec\/index.php?rest_route=%2Fwp%2Fv2%2Fcomments&post=4064"}],"version-history":[{"count":1,"href":"https:\/\/www.ecuadoraldia.com.ec\/index.php?rest_route=\/wp\/v2\/posts\/4064\/revisions"}],"predecessor-version":[{"id":4066,"href":"https:\/\/www.ecuadoraldia.com.ec\/index.php?rest_route=\/wp\/v2\/posts\/4064\/revisions\/4066"}],"wp:attachment":[{"href":"https:\/\/www.ecuadoraldia.com.ec\/index.php?rest_route=%2Fwp%2Fv2%2Fmedia&parent=4064"}],"wp:term":[{"taxonomy":"category","embeddable":true,"href":"https:\/\/www.ecuadoraldia.com.ec\/index.php?rest_route=%2Fwp%2Fv2%2Fcategories&post=4064"},{"taxonomy":"post_tag","embeddable":true,"href":"https:\/\/www.ecuadoraldia.com.ec\/index.php?rest_route=%2Fwp%2Fv2%2Ftags&post=4064"}],"curies":[{"name":"wp","href":"https:\/\/api.w.org\/{rel}","templated":true}]}}