{"id":4067,"date":"2014-08-09T16:19:18","date_gmt":"2014-08-09T16:19:18","guid":{"rendered":"http:\/\/www.ecuadoraldia.com.ec\/?p=4067"},"modified":"2014-08-09T16:19:18","modified_gmt":"2014-08-09T16:19:18","slug":"que-paso-el-10-de-agosto-de-1809","status":"publish","type":"post","link":"https:\/\/www.ecuadoraldia.com.ec\/?p=4067","title":{"rendered":"\u00bfQu\u00e9 pas\u00f3 el 10 de Agosto de 1809?"},"content":{"rendered":"<p><a href=\"http:\/\/www.ecuadoraldia.com.ec\/wp-content\/uploads\/2014\/08\/independencia_1.jpg\"><img loading=\"lazy\" decoding=\"async\" class=\"alignleft size-medium wp-image-4068\" src=\"http:\/\/www.ecuadoraldia.com.ec\/wp-content\/uploads\/2014\/08\/independencia_1-300x199.jpg\" alt=\"ACT EN EL CENTRO HISTORICO SE ENCUENTRA UBICADO EL MUSEO DE CERA\" width=\"300\" height=\"199\" srcset=\"https:\/\/www.ecuadoraldia.com.ec\/wp-content\/uploads\/2014\/08\/independencia_1-300x199.jpg 300w, https:\/\/www.ecuadoraldia.com.ec\/wp-content\/uploads\/2014\/08\/independencia_1.jpg 630w\" sizes=\"(max-width: 300px) 100vw, 300px\" \/><\/a>El Primer Grito de la Independencia inicia el 9 de agosto de 1809. Ese d\u00eda en la casa de Manuela Ca\u00f1izares, ubicada junto a la iglesia de El Sagrario, un n\u00facleo de intelectuales, doctores, marqueses y criollos se reunieron para definir una estrategia para liberarse del yugo espa\u00f1ol.<\/p>\n<p>Esa noche, los historiadores afirman que ante la desmotivaci\u00f3n de algunos de los presentes, Manuela Ca\u00f1izares les increp\u00f3: \u201c\u00a1Cobardes (&#8230;) hombres nacidos para la servidumbre \u00bf De qu\u00e9 ten\u00e9is miedo&#8230;? \u00a1No hay tiempo que perder&#8230;!\u201d.<\/p>\n<p>Reuni\u00f3n de los pr\u00f3ceres en la casa de Manuela Ca\u00f1izares. Foto: \u00c1lvaro P\u00e9rez\/ EL TEL\u00c9GRAFOReuni\u00f3n de los pr\u00f3ceres en la casa de Manuela Ca\u00f1izares. Foto: \u00c1lvaro P\u00e9rez\/ EL TEL\u00c9GRAFO<\/p>\n<p>En la madrugada del 10 de Agosto se organiz\u00f3 la Junta Soberana de Gobierno. Juan P\u00edo Mont\u00fafar, Marqu\u00e9s de Selva Alegre, fue el presidente de este n\u00facleo, que busc\u00f3 derrocar del poder a Manuel Urriez &#8216;Conde Ruiz de Castilla&#8217;, quien presid\u00eda la Real Audiencia de Quito. En la toma de esta decisi\u00f3n estuvieron el obispo Jos\u00e9 Cuero y Caicedo (vicepresidente), adem\u00e1s Juan de Dios Morales, secretario del despachosl del Interior; Manuel Quiroga , de Gracia y Justicia y Juan Larrea, de Hacienda, adem\u00e1s de ciudadanos, quienes lucharon por terminar con el yugo espa\u00f1ol.<\/p>\n<p>Ya, el 10 de Agosto, el doctor Antonio Ante, secretario general de la Junta de Gobierno, visit\u00f3 a Manuel Urriez, quien fue el presidente de la Real Audiencia de Quito, para comunicarle que la Junta de Gobierno decidi\u00f3 relevarlo de sus funciones. A este acto, de notificaci\u00f3n se conoce como el Primer Grito de la Independencia. Entre tanto, el coronel Juan de Salinas, al mando de las fuerzas militares, declar\u00f3 la lealtad a la Junta de Gobierno y al rey Fernando VII.<\/p>\n<p>Antonio Ante, secretario de la Junta, entreg\u00f3 el acta al conde Ru\u00edz de Castilla para relevarlo de sus funciones Foto: \u00c1lvaro P\u00e9rez\/ EL TEL\u00c9GRAFOAntonio Ante, secretario de la Junta, entreg\u00f3 el acta al conde Ru\u00edz de Castilla para relevarlo de sus funciones Foto: \u00c1lvaro P\u00e9rez\/ EL TEL\u00c9GRAFO<\/p>\n<p>La Junta Soberana de Gobierno, 6 d\u00edas despu\u00e9s, realiz\u00f3 un Cabildo Abierto en el Convento de San Agust\u00edn, en donde ratificaron todo lo actuado el 10 de Agosto. Las decisiones de la Junta fueron informadas a las autoridades de ciudades cercanas, quienes consideraron estas acciones como una rebeli\u00f3n, por lo que decidieron enviar fuerzas militares desde Guayaquil, Popay\u00e1n y Pasto para as\u00ed aplacar los aires de independencia de Quito.<\/p>\n<p>La Junta se reuni\u00f3 por primera vez en el convento de San Agust\u00edn. Foto: \u00c1lvaro P\u00e9rez \/ EL TEL\u00c9GRAFOLa Junta se reuni\u00f3 por primera vez en el convento de San Agust\u00edn. Foto: \u00c1lvaro P\u00e9rez \/ EL TEL\u00c9GRAFO<\/p>\n<p>El 24 de octubre de 1809, tras varios meses de intensas peleas, Juan Jos\u00e9 Guerrero y Mateu, quien asumi\u00f3 la presidencia de la Junta tras las m\u00faltiples presiones que recibi\u00f3 Juan P\u00edo Mont\u00fafar que llevaron a su renuncia, negoci\u00f3 la rendici\u00f3n con el &#8216;Conde Ruiz de Castilla&#8217;, con la \u00fanica condici\u00f3n de que no se tomen represalias en contra de ninguno de los revolucionarios.<\/p>\n<p>Tras la llegada de tropas militares de Quito y Guayaquil, el &#8216;Conde Ru\u00edz de Castilla&#8217; disolvi\u00f3 la Junta de Gobierno y orden\u00f3 la persecusi\u00f3n y captura quienes integraron el c\u00f3nclave revolucionario.<\/p>\n<p>Los pr\u00f3ceres del 10 de agosto de 1809 fueron encarcelados. Foto: \u00c1lvaro P\u00e9rez\/ EL TEL\u00c9GRAFOLos pr\u00f3ceres del 10 de agosto de 1809 fueron encarcelados. Foto: \u00c1lvaro P\u00e9rez\/ EL TEL\u00c9GRAFO<\/p>\n<p>Un a\u00f1o despu\u00e9s, exactamente el 2 de agosto de 1810, soldados y simpatizantes de la mencionada Junta ingresaron al cuartel militar en b\u00fasqueda de los presos. Este hecho origin\u00f3 la matanza de todos los insurrectos, en la denominada &#8216;Matanza del 10 de agosto&#8217;. Seg\u00fan los historiadores de la ciudad, las fuerzas reales espa\u00f1olas habr\u00edan asesinado a casi 300 personas, inclu\u00eddos 40 de los pr\u00f3ceres del &#8216;Primer Grito de la Independencia&#8217;.<\/p>\n<p>El 2 de agosto de 1810 se llev\u00f3 a cabo la matanza de los pr\u00f3ceres. Foto: \u00c1lvaro P\u00e9rez\/ EL TEL\u00c9GRAFOEl 2 de agosto de 1810 se llev\u00f3 a cabo la matanza de los pr\u00f3ceres. Foto: \u00c1lvaro P\u00e9rez\/ EL TEL\u00c9GRAFO<\/p>\n<p>Los intentos independentistas se consumaron al mando del mariscal Antonio Jos\u00e9 Sucre en la Batalla de Pichincha de 24 de Mayo de 1822. Este hecho llev\u00f3 a la liberaci\u00f3n de Quito y asegur\u00f3 la independencia de las provincias que pertenec\u00edan a laReal Audiencia de Quito. (EL TEL\u00c9GRAFO)<\/p>\n","protected":false},"excerpt":{"rendered":"<p>El Primer Grito de la Independencia inicia el 9 de agosto de 1809. Ese d\u00eda en la casa de Manuela<\/p>\n","protected":false},"author":1,"featured_media":0,"comment_status":"open","ping_status":"open","sticky":false,"template":"","format":"standard","meta":{"footnotes":""},"categories":[1],"tags":[],"_links":{"self":[{"href":"https:\/\/www.ecuadoraldia.com.ec\/index.php?rest_route=\/wp\/v2\/posts\/4067"}],"collection":[{"href":"https:\/\/www.ecuadoraldia.com.ec\/index.php?rest_route=\/wp\/v2\/posts"}],"about":[{"href":"https:\/\/www.ecuadoraldia.com.ec\/index.php?rest_route=\/wp\/v2\/types\/post"}],"author":[{"embeddable":true,"href":"https:\/\/www.ecuadoraldia.com.ec\/index.php?rest_route=\/wp\/v2\/users\/1"}],"replies":[{"embeddable":true,"href":"https:\/\/www.ecuadoraldia.com.ec\/index.php?rest_route=%2Fwp%2Fv2%2Fcomments&post=4067"}],"version-history":[{"count":1,"href":"https:\/\/www.ecuadoraldia.com.ec\/index.php?rest_route=\/wp\/v2\/posts\/4067\/revisions"}],"predecessor-version":[{"id":4069,"href":"https:\/\/www.ecuadoraldia.com.ec\/index.php?rest_route=\/wp\/v2\/posts\/4067\/revisions\/4069"}],"wp:attachment":[{"href":"https:\/\/www.ecuadoraldia.com.ec\/index.php?rest_route=%2Fwp%2Fv2%2Fmedia&parent=4067"}],"wp:term":[{"taxonomy":"category","embeddable":true,"href":"https:\/\/www.ecuadoraldia.com.ec\/index.php?rest_route=%2Fwp%2Fv2%2Fcategories&post=4067"},{"taxonomy":"post_tag","embeddable":true,"href":"https:\/\/www.ecuadoraldia.com.ec\/index.php?rest_route=%2Fwp%2Fv2%2Ftags&post=4067"}],"curies":[{"name":"wp","href":"https:\/\/api.w.org\/{rel}","templated":true}]}}