{"id":4070,"date":"2014-08-09T16:23:11","date_gmt":"2014-08-09T16:23:11","guid":{"rendered":"http:\/\/www.ecuadoraldia.com.ec\/?p=4070"},"modified":"2014-08-09T16:23:11","modified_gmt":"2014-08-09T16:23:11","slug":"40-buses-articulados-marca-mercedes-benz-para-quito","status":"publish","type":"post","link":"https:\/\/www.ecuadoraldia.com.ec\/?p=4070","title":{"rendered":"40 buses articulados marca Mercedes Benz para Quito"},"content":{"rendered":"<p><a href=\"http:\/\/www.ecuadoraldia.com.ec\/wp-content\/uploads\/2014\/08\/bus-quito.jpg\"><img loading=\"lazy\" decoding=\"async\" class=\"alignleft size-medium wp-image-4071\" src=\"http:\/\/www.ecuadoraldia.com.ec\/wp-content\/uploads\/2014\/08\/bus-quito-300x200.jpg\" alt=\"bus quito\" width=\"300\" height=\"200\" srcset=\"https:\/\/www.ecuadoraldia.com.ec\/wp-content\/uploads\/2014\/08\/bus-quito-300x200.jpg 300w, https:\/\/www.ecuadoraldia.com.ec\/wp-content\/uploads\/2014\/08\/bus-quito.jpg 640w\" sizes=\"(max-width: 300px) 100vw, 300px\" \/><\/a>La empresa Autolider, proveedora de veh\u00edculos Mercedes Benz, result\u00f3 ganadora del concurso para la provisi\u00f3n de 40 buses articulados a diesel para repotenciar el Sistema Metropolitano de Transporte.<\/p>\n<p>Para esta licitaci\u00f3n se presentaron 10 propuestas. Autolider y la Empresa de Camiones y Buses del Ecuador resultaron finalistas, pero result\u00f3 vencedora Autolider con una oferta econ\u00f3mica de $ 12,9 millones (sin IVA).<\/p>\n<p>El acto se desarroll\u00f3 en presencia de Rub\u00e9n Lozano, gerente de la Empresa P\u00fablica Metropolitana de Transporte de Pasajeros de Quito (Epmtpq), as\u00ed como los miembros de la Comisi\u00f3n T\u00e9cnica, quienes estudiaron las propuestas y definieron al ganador.<\/p>\n<p>El plazo de entrega de las unidades est\u00e1 planteada para 180 d\u00edas. Sin embargo, la industria ganadora asegur\u00f3 que cumplir\u00e1 la entrega en 179 d\u00edas.<\/p>\n<p>Los buses deben cumplir, entre otras cosas, con un requisito espec\u00edfico: tener puertas en ambos lados, para que puedan operar en cualquiera de los corredores viales que administra el Municipio de Quito.<\/p>\n<p>El sistema Troleb\u00fas requiere de unidades con puertas en el costado derecho; mientras que el resto de<br \/>\ncorredores municipales utilizan los ingresos en la izquierda.<\/p>\n<p>Se estima que la pr\u00f3xima semana se firmar\u00e1 el contrato con la empresa ganadora. Seg\u00fan Lozano, el costo de los buses se pagar\u00e1 con el pr\u00e9stamo no reembolsable de $ 15 millones que aportar\u00e1 el Gobierno Central, a trav\u00e9s del Banco del Estado.<\/p>\n<p>La adquisici\u00f3n de nuevas unidades se produce luego de la declaratoria de emergencia en el sistema de transporte municipal, realizada por el alcalde Mauricio Rodas, el pasado 30 de junio.<\/p>\n<p>La emergencia contempla la implementaci\u00f3n de una serie de medidas a corto, mediano y largo plazo, entre las que se encuentra la compra de los articulados.<\/p>\n","protected":false},"excerpt":{"rendered":"<p>La empresa Autolider, proveedora de veh\u00edculos Mercedes Benz, result\u00f3 ganadora del concurso para la provisi\u00f3n de 40 buses articulados a<\/p>\n","protected":false},"author":1,"featured_media":0,"comment_status":"open","ping_status":"open","sticky":false,"template":"","format":"standard","meta":{"footnotes":""},"categories":[14],"tags":[],"_links":{"self":[{"href":"https:\/\/www.ecuadoraldia.com.ec\/index.php?rest_route=\/wp\/v2\/posts\/4070"}],"collection":[{"href":"https:\/\/www.ecuadoraldia.com.ec\/index.php?rest_route=\/wp\/v2\/posts"}],"about":[{"href":"https:\/\/www.ecuadoraldia.com.ec\/index.php?rest_route=\/wp\/v2\/types\/post"}],"author":[{"embeddable":true,"href":"https:\/\/www.ecuadoraldia.com.ec\/index.php?rest_route=\/wp\/v2\/users\/1"}],"replies":[{"embeddable":true,"href":"https:\/\/www.ecuadoraldia.com.ec\/index.php?rest_route=%2Fwp%2Fv2%2Fcomments&post=4070"}],"version-history":[{"count":1,"href":"https:\/\/www.ecuadoraldia.com.ec\/index.php?rest_route=\/wp\/v2\/posts\/4070\/revisions"}],"predecessor-version":[{"id":4072,"href":"https:\/\/www.ecuadoraldia.com.ec\/index.php?rest_route=\/wp\/v2\/posts\/4070\/revisions\/4072"}],"wp:attachment":[{"href":"https:\/\/www.ecuadoraldia.com.ec\/index.php?rest_route=%2Fwp%2Fv2%2Fmedia&parent=4070"}],"wp:term":[{"taxonomy":"category","embeddable":true,"href":"https:\/\/www.ecuadoraldia.com.ec\/index.php?rest_route=%2Fwp%2Fv2%2Fcategories&post=4070"},{"taxonomy":"post_tag","embeddable":true,"href":"https:\/\/www.ecuadoraldia.com.ec\/index.php?rest_route=%2Fwp%2Fv2%2Ftags&post=4070"}],"curies":[{"name":"wp","href":"https:\/\/api.w.org\/{rel}","templated":true}]}}