{"id":4073,"date":"2014-08-09T16:24:46","date_gmt":"2014-08-09T16:24:46","guid":{"rendered":"http:\/\/www.ecuadoraldia.com.ec\/?p=4073"},"modified":"2014-08-09T16:24:46","modified_gmt":"2014-08-09T16:24:46","slug":"cedeno-decir-desde-la-lastima-pobretin-es-libertad-de-expresion","status":"publish","type":"post","link":"https:\/\/www.ecuadoraldia.com.ec\/?p=4073","title":{"rendered":"Cede\u00f1o: \u201c\u00bfDecir desde la l\u00e1stima pobret\u00edn es libertad de expresi\u00f3n?"},"content":{"rendered":"<p><a href=\"http:\/\/www.ecuadoraldia.com.ec\/wp-content\/uploads\/2014\/08\/wend.jpg\"><img loading=\"lazy\" decoding=\"async\" class=\"alignleft size-medium wp-image-4074\" src=\"http:\/\/www.ecuadoraldia.com.ec\/wp-content\/uploads\/2014\/08\/wend-300x198.jpg\" alt=\"wend\" width=\"300\" height=\"198\" srcset=\"https:\/\/www.ecuadoraldia.com.ec\/wp-content\/uploads\/2014\/08\/wend-300x198.jpg 300w, https:\/\/www.ecuadoraldia.com.ec\/wp-content\/uploads\/2014\/08\/wend.jpg 450w\" sizes=\"(max-width: 300px) 100vw, 300px\" \/><\/a>El caricaturista Xavier Bonilla (Bonil) se disculp\u00f3 finalmente con el asamble\u00edsta de PAIS, Agust\u00edn Delgado, y su familia. En su cuenta de Twitter public\u00f3 un mensaje junto con una vi\u00f1eta suya, luego de que el legislador, por la misma red social, cuestionara la excusa que present\u00f3 el dibujante en diario El Universo.<\/p>\n<p>\u201cAhora resulta que el insulto que me dio Bonil es solo una mala percepci\u00f3n. Basta, \u00bfhasta cu\u00e1ndo?\u201d, escribi\u00f3 el exfutbolista en la red social. Tambi\u00e9n solicit\u00f3 al Consejo de Regulaci\u00f3n y Desarrollo de la Informaci\u00f3n y Comunicaci\u00f3n (Cordicom) que reaccione. \u201cSe\u00f1ores de la @CordicomEc \u00bfustedes creen que hacer un escrito diciendo que es mala percepci\u00f3n o interpretaci\u00f3n del texto es suficiente con Bonil?\u201d, insisti\u00f3.<\/p>\n<p>\u201c\u00bfBonil usa mi foto en su caricatura, me trata despectivamente de pobret\u00edn y luego habla del sueldo y me llama pobret\u00f3n y es mala interpretaci\u00f3n?\u201d, agreg\u00f3el representante de Imbabura.<\/p>\n<p>Ante esta reacci\u00f3n Bonilla hizo p\u00fablica su disculpa. \u00c9l inici\u00f3 su mensaje as\u00ed: \u201cTend\u00ed mi mano en se\u00f1al de cordialidad y caballerosidad, pero para Ud. es insuficiente\u201d. Esto en alusi\u00f3n a la primera respuesta que se public\u00f3 en El Universo.<\/p>\n<p>\u201cQuienes me conocen saben que soy hombre de paz y de borrar conflictos. Y en virtud de eso, si mi explicaci\u00f3n publicada hoy (el pasado) jueves 7 de agosto no logra este prop\u00f3sito, y si la expresi\u00f3n de una disculpa p\u00fablica contribuye a borrar la sensaci\u00f3n de irrespeto que ha sentido usted, de modo personal, yo aqu\u00ed le expreso esa disculpa, sin ambages y con sincera convicci\u00f3n\u201d, escribi\u00f3.<\/p>\n<p>Reacci\u00f3n de la esposa de Delgado<\/p>\n<p>La disculpa de Bonil lleg\u00f3 luego de que la esposa de Delgado, Vanessa Cede\u00f1o, a trav\u00e9s de un video se refiriera al tema y exigiera al caricaturista respeto.<\/p>\n<p>El video dura un minuto y en este aparece Cede\u00f1o afirmando que es la esposa del ser humano agredido, vejado y ultrajado a nombre de la \u201cmal llamada libertad de expresi\u00f3n\u201d.<\/p>\n<p>Acto seguido se pregunt\u00f3: \u201c\u00bfEsto ser\u00e1 libertad de expresi\u00f3n? (mostrando la caricatura que public\u00f3 diario El Universo). \u00bfC\u00f3mo puede este se\u00f1or que se hace llamar Bonil en diario El Universo esconderse tras una supuesta caricatura para denigrar la condici\u00f3n humana de mi esposo? \u00bfDecir desde la l\u00e1stima pobret\u00edn y desde la ofensa pobret\u00f3n es libertad de expresi\u00f3n? \u00bfAcaso nuestra familia no merece respeto?\u201d, sostuvo.<\/p>\n<p>Al final se manifest\u00f3 solicitando una rectificaci\u00f3n y respeto. Tambi\u00e9n se public\u00f3 en Youtube un video del \u2018Tin\u2019 Delgado sonriente, agradeciendo el respaldo recibido de decenas de ciudadanos. \u201cMuchas gracias a esa gente por el apoyo, eso me da fuerzas, as\u00ed que un abrazo fuerte para todos y sin claudicar, as\u00ed que adelante\u201d, dijo.<\/p>\n<p>A inicios de semana el presidente del Cordicom, Patricio Barriga, calific\u00f3 la caricatura de Bonil como una \u201crepresentaci\u00f3n de odio pol\u00edtico\u201d.<\/p>\n<p>El Cordicom difundi\u00f3 tambi\u00e9n ayer una cadena en la que el asamble\u00edsta protesta por la publicaci\u00f3n de Bonil. Mostrando la vi\u00f1eta, el \u2018Tin\u2019 dice: \u201cEsto no es libertad de expresi\u00f3n. Esto es un insulto a la dignidad humana\u201d.<\/p>\n","protected":false},"excerpt":{"rendered":"<p>El caricaturista Xavier Bonilla (Bonil) se disculp\u00f3 finalmente con el asamble\u00edsta de PAIS, Agust\u00edn Delgado, y su familia. En su<\/p>\n","protected":false},"author":1,"featured_media":0,"comment_status":"open","ping_status":"open","sticky":false,"template":"","format":"standard","meta":{"footnotes":""},"categories":[3],"tags":[],"_links":{"self":[{"href":"https:\/\/www.ecuadoraldia.com.ec\/index.php?rest_route=\/wp\/v2\/posts\/4073"}],"collection":[{"href":"https:\/\/www.ecuadoraldia.com.ec\/index.php?rest_route=\/wp\/v2\/posts"}],"about":[{"href":"https:\/\/www.ecuadoraldia.com.ec\/index.php?rest_route=\/wp\/v2\/types\/post"}],"author":[{"embeddable":true,"href":"https:\/\/www.ecuadoraldia.com.ec\/index.php?rest_route=\/wp\/v2\/users\/1"}],"replies":[{"embeddable":true,"href":"https:\/\/www.ecuadoraldia.com.ec\/index.php?rest_route=%2Fwp%2Fv2%2Fcomments&post=4073"}],"version-history":[{"count":1,"href":"https:\/\/www.ecuadoraldia.com.ec\/index.php?rest_route=\/wp\/v2\/posts\/4073\/revisions"}],"predecessor-version":[{"id":4075,"href":"https:\/\/www.ecuadoraldia.com.ec\/index.php?rest_route=\/wp\/v2\/posts\/4073\/revisions\/4075"}],"wp:attachment":[{"href":"https:\/\/www.ecuadoraldia.com.ec\/index.php?rest_route=%2Fwp%2Fv2%2Fmedia&parent=4073"}],"wp:term":[{"taxonomy":"category","embeddable":true,"href":"https:\/\/www.ecuadoraldia.com.ec\/index.php?rest_route=%2Fwp%2Fv2%2Fcategories&post=4073"},{"taxonomy":"post_tag","embeddable":true,"href":"https:\/\/www.ecuadoraldia.com.ec\/index.php?rest_route=%2Fwp%2Fv2%2Ftags&post=4073"}],"curies":[{"name":"wp","href":"https:\/\/api.w.org\/{rel}","templated":true}]}}