{"id":4079,"date":"2014-08-09T16:27:40","date_gmt":"2014-08-09T16:27:40","guid":{"rendered":"http:\/\/www.ecuadoraldia.com.ec\/?p=4079"},"modified":"2014-08-09T16:27:40","modified_gmt":"2014-08-09T16:27:40","slug":"el-principio-intercultural-primara-en-juicio-a-waos","status":"publish","type":"post","link":"https:\/\/www.ecuadoraldia.com.ec\/?p=4079","title":{"rendered":"El principio intercultural primar\u00e1 en juicio a waos"},"content":{"rendered":"<p><a href=\"http:\/\/www.ecuadoraldia.com.ec\/wp-content\/uploads\/2014\/08\/wao-1.jpg\"><img loading=\"lazy\" decoding=\"async\" class=\"alignleft size-medium wp-image-4080\" src=\"http:\/\/www.ecuadoraldia.com.ec\/wp-content\/uploads\/2014\/08\/wao-1-300x148.jpg\" alt=\"wao-1\" width=\"300\" height=\"148\" srcset=\"https:\/\/www.ecuadoraldia.com.ec\/wp-content\/uploads\/2014\/08\/wao-1-300x148.jpg 300w, https:\/\/www.ecuadoraldia.com.ec\/wp-content\/uploads\/2014\/08\/wao-1.jpg 450w\" sizes=\"(max-width: 300px) 100vw, 300px\" \/><\/a>La Corte Constitucional (CC) determin\u00f3 que en el caso de juzgamiento contra 17 waoranis implicados en la presunta muerte de taromenanes, hechos ocurridos en 2013, el juez Segundo de Garant\u00edas Penales de Orellana, \u00c1lvaro Guerrero, deber\u00e1 hacer una interpretaci\u00f3n intercultural en el juicio que lleva adelante.<\/p>\n<p>El juez deber\u00e1 tomar en cuenta aquello para evitar que se produzcan vulneraciones a derechos constitucionales. Tendr\u00e1 que considerar que los 17 procesados pertenecen a la nacional ind\u00edgena waorani, que es un pueblo de reciente contacto con la civilizaci\u00f3n occidental.<\/p>\n<p>La decisi\u00f3n de la CC a\u00f1ade que, con fundamento en criterios convencionales, la figura penal del genocidio (como contempla el C\u00f3digo Penal en la justicia ordinaria) solo podr\u00e1 aplicarse en el caso concreto por el juez de la causa, siempre que se verifique de manera argumentada el cumplimiento de todos los presupuestos determinados en la Convenci\u00f3n para la Prevenci\u00f3n y la Sanci\u00f3n del Delito de Genocidio, todo ello en respeto a los par\u00e1metros de interculturalidad.<\/p>\n<p>La decisi\u00f3n la difundi\u00f3 Wendy Molina Andrade, presidenta encargada de la CC, pero fue el mi\u00e9rcoles pasado cuando el pleno de ese organismo adopt\u00f3 una decisi\u00f3n.<\/p>\n<p>La consulta de norma, propuesta por Guerrero en junio pasado, era respecto a la aplicaci\u00f3n de la constitucionalidad del inciso inserto del art\u00edculo 441 del C\u00f3digo Penal, que estipula cu\u00e1l ser\u00e1 la sanci\u00f3n a imponerse frente al delito de genocidio. (LEA LA SENTENCIA DEL CASO WAORANI)<\/p>\n<p>El juez Guerrero, previo a la aplicaci\u00f3n de la norma consultada, deber\u00e1 implementar medidas urgentes, necesarias, entre ellas peritajes sociol\u00f3gicos y antropol\u00f3gicos para asegurarse de que el proceso sustanciado sea desde una interpretaci\u00f3n con perspectiva intercultural.<\/p>\n<p>Adem\u00e1s el fallo considera que la Defensor\u00eda del Pueblo, de conformidad con la Constituci\u00f3n, deber\u00e1 realizar la vigilancia del debido proceso e informar a la CC de manera peri\u00f3dica sobre el cumplimiento de esta decisi\u00f3n, durante el desarrollo del juicio hasta su conclusi\u00f3n.<\/p>\n<p>Todo lo resuelto se implementar\u00e1 de manera r\u00e1pida, sin perjuicio de las medidas y acciones procesales inmediatas, que deber\u00e1 adoptar el juez del caso para subsanar las actuaciones y omisiones establecidas. \u201cCon esta decisi\u00f3n de la Corte Constitucional vamos a hacer posible la libertad de los waorani detenidos. El tr\u00e1mite lo haremos desde el lunes con base en una explicaci\u00f3n de interculturalidad, o sea, con base a los criterios de nuestra cultura\u201d, manifest\u00f3 Jorge Yeti, representante de la nacionalidad Waorani.<\/p>\n<p>Resalt\u00f3 que el juez deber\u00e1 hacer una investigaci\u00f3n de la cultura y el c\u00f3digo waoranis, por lo que afirm\u00f3 que \u201cestamos de acuerdo con lo que dice la Corte Constitucional: si es que el juez no cumple, nosotros vamos a solicitar al presidente de la CC que haga cumplir al juez\u201d.<\/p>\n<p>Por su parte, Fausto Corral, director nacional de Interculturalidad de la Defensor\u00eda P\u00fablica, calific\u00f3 de \u201cpositiva\u201d la decisi\u00f3n de la CC que exige, demanda y recomienda al juez de la causa aplicar los principios de interculturalidad, como est\u00e1n estipulados en la Constituci\u00f3n.<\/p>\n<p>Por ello, se\u00f1al\u00f3 que de inmediato pedir\u00e1n una audiencia judicial para solicitar al juez la sustituci\u00f3n de la prisi\u00f3n de los 5 waorani detenidos.<\/p>\n<p>Incluso cree que los wao procesados deben ser sobrese\u00eddos \u201cporque la Fiscal\u00eda no ha presentado las pruebas materiales de la matanza, es una matanza sin muertos\u201d. Dijo que fotos no son pruebas para revelar un presunto hecho de genocidio.<\/p>\n<p>Actualmente el proceso se encuentra en instrucci\u00f3n fiscal e iniciar\u00eda la etapa de presentaci\u00f3n de pruebas del juicio.<\/p>\n<p>Esta es la segunda decisi\u00f3n sobre temas ind\u00edgenas que toma la CC en esta semana. La primera fue sobre el caso La Cocha, en el que sent\u00f3 jurisprudencia. El organismo determin\u00f3 que para delitos contra la vida se tendr\u00e1 que aplicar la justicia ordinaria y no la ind\u00edgena, lo que ocasion\u00f3 la protesta de varios dirigentes de la Conaie sobre esa resoluci\u00f3n.<\/p>\n<p>DATOS<\/p>\n<p>En julio pasado, mediante providencia, el juez Segundo de Garant\u00edas Penales de Orellana, \u00c1lvaro Guerrero, dispuso continuar el juicio para procesar y sancionar a 17 waos.<\/p>\n<p>Por la presunta muerte de taromenanes, ocurrida en marzo de 2013 y que dentro del Derecho Penal ordinario encajar\u00eda como delito de genocidio, se contempla una pena de 16 a 25 a\u00f1os de reclusi\u00f3n.<\/p>\n<p>El fiscal general, Galo Chiriboga, ha reiterado que fue un delito contra la vida, que se habr\u00eda cometido sin tomar en cuenta la cosmovisi\u00f3n, cultura y costumbre wao: con armas de fuego y no con lanzas.<\/p>\n<p>El fiscal a cargo, Andr\u00e9s Cuasapaz, consideraba importante determinar la norma a aplicar para evitar inconstitucionalidades. Espera que la pena guarde proporci\u00f3n con el delito.<\/p>\n","protected":false},"excerpt":{"rendered":"<p>La Corte Constitucional (CC) determin\u00f3 que en el caso de juzgamiento contra 17 waoranis implicados en la presunta muerte de<\/p>\n","protected":false},"author":1,"featured_media":0,"comment_status":"open","ping_status":"open","sticky":false,"template":"","format":"standard","meta":{"footnotes":""},"categories":[5],"tags":[],"_links":{"self":[{"href":"https:\/\/www.ecuadoraldia.com.ec\/index.php?rest_route=\/wp\/v2\/posts\/4079"}],"collection":[{"href":"https:\/\/www.ecuadoraldia.com.ec\/index.php?rest_route=\/wp\/v2\/posts"}],"about":[{"href":"https:\/\/www.ecuadoraldia.com.ec\/index.php?rest_route=\/wp\/v2\/types\/post"}],"author":[{"embeddable":true,"href":"https:\/\/www.ecuadoraldia.com.ec\/index.php?rest_route=\/wp\/v2\/users\/1"}],"replies":[{"embeddable":true,"href":"https:\/\/www.ecuadoraldia.com.ec\/index.php?rest_route=%2Fwp%2Fv2%2Fcomments&post=4079"}],"version-history":[{"count":1,"href":"https:\/\/www.ecuadoraldia.com.ec\/index.php?rest_route=\/wp\/v2\/posts\/4079\/revisions"}],"predecessor-version":[{"id":4081,"href":"https:\/\/www.ecuadoraldia.com.ec\/index.php?rest_route=\/wp\/v2\/posts\/4079\/revisions\/4081"}],"wp:attachment":[{"href":"https:\/\/www.ecuadoraldia.com.ec\/index.php?rest_route=%2Fwp%2Fv2%2Fmedia&parent=4079"}],"wp:term":[{"taxonomy":"category","embeddable":true,"href":"https:\/\/www.ecuadoraldia.com.ec\/index.php?rest_route=%2Fwp%2Fv2%2Fcategories&post=4079"},{"taxonomy":"post_tag","embeddable":true,"href":"https:\/\/www.ecuadoraldia.com.ec\/index.php?rest_route=%2Fwp%2Fv2%2Ftags&post=4079"}],"curies":[{"name":"wp","href":"https:\/\/api.w.org\/{rel}","templated":true}]}}