{"id":4197,"date":"2014-08-13T19:51:17","date_gmt":"2014-08-13T19:51:17","guid":{"rendered":"http:\/\/www.ecuadoraldia.com.ec\/?p=4197"},"modified":"2014-08-13T19:51:17","modified_gmt":"2014-08-13T19:51:17","slug":"candidato-a-la-presidencia-de-brasil-murio-en-accidente-aereo","status":"publish","type":"post","link":"https:\/\/www.ecuadoraldia.com.ec\/?p=4197","title":{"rendered":"Candidato a la presidencia de Brasil muri\u00f3 en accidente a\u00e9reo"},"content":{"rendered":"<p><a href=\"http:\/\/www.ecuadoraldia.com.ec\/wp-content\/uploads\/2014\/08\/eduardo_campos2.jpg\"><img loading=\"lazy\" decoding=\"async\" class=\"alignleft size-medium wp-image-4198\" src=\"http:\/\/www.ecuadoraldia.com.ec\/wp-content\/uploads\/2014\/08\/eduardo_campos2-300x204.jpg\" alt=\"eduardo_campos2\" width=\"300\" height=\"204\" srcset=\"https:\/\/www.ecuadoraldia.com.ec\/wp-content\/uploads\/2014\/08\/eduardo_campos2-300x204.jpg 300w, https:\/\/www.ecuadoraldia.com.ec\/wp-content\/uploads\/2014\/08\/eduardo_campos2.jpg 448w\" sizes=\"(max-width: 300px) 100vw, 300px\" \/><\/a>El candidato a la Presidencia Eduardo Campos, del Partido Socialista de Brasil (PSB), de 49 a\u00f1os, muri\u00f3 este mi\u00e9rcoles al estrellarse el jet ejecutivo en el que viajaba a Santos, litoral de Sao Paulo, informaron medios locales.<\/p>\n<p>El candidato, tercero en las encuestas para las elecciones del 5 de octubre y compa\u00f1ero de f\u00f3rmula de la ecologista Marina Silva, estaba a bordo del jet Cessna 560XL que cay\u00f3 sobre un gimnasio y hogares de Santos, a 75 km de la ciudad de Sao Paulo, indicaron la televisi\u00f3n Globo News, el diario O Globo y el portal de noticias G1 sin dar fuentes.<\/p>\n<p>La noticia no ha sido confirmada oficialmente a\u00fan por el equipo de campa\u00f1a del candidato ni por su partido pol\u00edtico ni por la candidata a vicepresidenta del PSB, Marina Silva.<\/p>\n<p>Adem\u00e1s de Campos, exgobernador de Pernambuco (noreste), otras seis personas estaban a bordo del jet ejecutivo y ninguna sobrevivi\u00f3, indic\u00f3 la Fuerza A\u00e9rea brasile\u00f1a, citada por Globo.<\/p>\n","protected":false},"excerpt":{"rendered":"<p>El candidato a la Presidencia Eduardo Campos, del Partido Socialista de Brasil (PSB), de 49 a\u00f1os, muri\u00f3 este mi\u00e9rcoles al<\/p>\n","protected":false},"author":1,"featured_media":0,"comment_status":"open","ping_status":"open","sticky":false,"template":"","format":"standard","meta":{"footnotes":""},"categories":[7],"tags":[],"_links":{"self":[{"href":"https:\/\/www.ecuadoraldia.com.ec\/index.php?rest_route=\/wp\/v2\/posts\/4197"}],"collection":[{"href":"https:\/\/www.ecuadoraldia.com.ec\/index.php?rest_route=\/wp\/v2\/posts"}],"about":[{"href":"https:\/\/www.ecuadoraldia.com.ec\/index.php?rest_route=\/wp\/v2\/types\/post"}],"author":[{"embeddable":true,"href":"https:\/\/www.ecuadoraldia.com.ec\/index.php?rest_route=\/wp\/v2\/users\/1"}],"replies":[{"embeddable":true,"href":"https:\/\/www.ecuadoraldia.com.ec\/index.php?rest_route=%2Fwp%2Fv2%2Fcomments&post=4197"}],"version-history":[{"count":1,"href":"https:\/\/www.ecuadoraldia.com.ec\/index.php?rest_route=\/wp\/v2\/posts\/4197\/revisions"}],"predecessor-version":[{"id":4199,"href":"https:\/\/www.ecuadoraldia.com.ec\/index.php?rest_route=\/wp\/v2\/posts\/4197\/revisions\/4199"}],"wp:attachment":[{"href":"https:\/\/www.ecuadoraldia.com.ec\/index.php?rest_route=%2Fwp%2Fv2%2Fmedia&parent=4197"}],"wp:term":[{"taxonomy":"category","embeddable":true,"href":"https:\/\/www.ecuadoraldia.com.ec\/index.php?rest_route=%2Fwp%2Fv2%2Fcategories&post=4197"},{"taxonomy":"post_tag","embeddable":true,"href":"https:\/\/www.ecuadoraldia.com.ec\/index.php?rest_route=%2Fwp%2Fv2%2Ftags&post=4197"}],"curies":[{"name":"wp","href":"https:\/\/api.w.org\/{rel}","templated":true}]}}