{"id":4200,"date":"2014-08-13T19:52:46","date_gmt":"2014-08-13T19:52:46","guid":{"rendered":"http:\/\/www.ecuadoraldia.com.ec\/?p=4200"},"modified":"2014-08-13T19:52:46","modified_gmt":"2014-08-13T19:52:46","slug":"fallecio-en-quito-manuel-chiriboga-ex-jefe-negociador-del-fracasado-tlc","status":"publish","type":"post","link":"https:\/\/www.ecuadoraldia.com.ec\/?p=4200","title":{"rendered":"Falleci\u00f3 en Quito Manuel Chiriboga ex jefe negociador del fracasado TLC"},"content":{"rendered":"<p><a href=\"http:\/\/www.ecuadoraldia.com.ec\/wp-content\/uploads\/2014\/08\/Manuel_Chiriboga-.jpg\"><img loading=\"lazy\" decoding=\"async\" class=\"alignleft size-full wp-image-4201\" src=\"http:\/\/www.ecuadoraldia.com.ec\/wp-content\/uploads\/2014\/08\/Manuel_Chiriboga-.jpg\" alt=\"Manuel_Chiriboga-\" width=\"300\" height=\"232\" \/><\/a>El soci\u00f3logo rural y experto en comercio internacional, Manuel Chiriboga Vega, falleci\u00f3 la tarde del pasado martes en Quito. La noticia fue confirmada por familiares del investigador quite\u00f1o que sufr\u00eda c\u00e1ncer desde hace 8 a\u00f1os.<\/p>\n<p>Chiriboga fue investigador del Centro Latinoamericano para el Desarrollo Rural (Rimisp) y director del Observatorio de Comercio Exterior. Entre sus actos m\u00e1s reconocido est\u00e1 la creaci\u00f3n de la primera instituci\u00f3n estatal especializada en el desarrollo del sector rural integral del Ecuador.<\/p>\n<p>En diario El Universo escrib\u00eda sus art\u00edculos de opini\u00f3n. Public\u00f3 el \u00faltimo el 13 de julio pasado y lo titul\u00f3 \u2018Despedida\u2019. All\u00ed cont\u00f3 que hab\u00eda entrado a la fase terminal de su enfermedad, pero \u201c&#8230; estoy en paz con mi vida y lo que he vivido. No s\u00e9 cu\u00e1nto tiempo tengo, pero ello no me preocupa. Solo una palabra final para recordar mis amores y creencias, el campo y lo rural, el trabajo, la capacidad de pensar y razonar, la pasi\u00f3n por lo que hago, el convencimiento sobre la centralidad de las libertades, la importancia de la sociedad civil y que espero mantener hasta el final, ese es mi bagaje\u201d.<\/p>\n","protected":false},"excerpt":{"rendered":"<p>El soci\u00f3logo rural y experto en comercio internacional, Manuel Chiriboga Vega, falleci\u00f3 la tarde del pasado martes en Quito. La<\/p>\n","protected":false},"author":1,"featured_media":0,"comment_status":"open","ping_status":"open","sticky":false,"template":"","format":"standard","meta":{"footnotes":""},"categories":[1],"tags":[],"_links":{"self":[{"href":"https:\/\/www.ecuadoraldia.com.ec\/index.php?rest_route=\/wp\/v2\/posts\/4200"}],"collection":[{"href":"https:\/\/www.ecuadoraldia.com.ec\/index.php?rest_route=\/wp\/v2\/posts"}],"about":[{"href":"https:\/\/www.ecuadoraldia.com.ec\/index.php?rest_route=\/wp\/v2\/types\/post"}],"author":[{"embeddable":true,"href":"https:\/\/www.ecuadoraldia.com.ec\/index.php?rest_route=\/wp\/v2\/users\/1"}],"replies":[{"embeddable":true,"href":"https:\/\/www.ecuadoraldia.com.ec\/index.php?rest_route=%2Fwp%2Fv2%2Fcomments&post=4200"}],"version-history":[{"count":1,"href":"https:\/\/www.ecuadoraldia.com.ec\/index.php?rest_route=\/wp\/v2\/posts\/4200\/revisions"}],"predecessor-version":[{"id":4202,"href":"https:\/\/www.ecuadoraldia.com.ec\/index.php?rest_route=\/wp\/v2\/posts\/4200\/revisions\/4202"}],"wp:attachment":[{"href":"https:\/\/www.ecuadoraldia.com.ec\/index.php?rest_route=%2Fwp%2Fv2%2Fmedia&parent=4200"}],"wp:term":[{"taxonomy":"category","embeddable":true,"href":"https:\/\/www.ecuadoraldia.com.ec\/index.php?rest_route=%2Fwp%2Fv2%2Fcategories&post=4200"},{"taxonomy":"post_tag","embeddable":true,"href":"https:\/\/www.ecuadoraldia.com.ec\/index.php?rest_route=%2Fwp%2Fv2%2Ftags&post=4200"}],"curies":[{"name":"wp","href":"https:\/\/api.w.org\/{rel}","templated":true}]}}