{"id":4203,"date":"2014-08-13T19:54:28","date_gmt":"2014-08-13T19:54:28","guid":{"rendered":"http:\/\/www.ecuadoraldia.com.ec\/?p=4203"},"modified":"2014-08-13T20:10:16","modified_gmt":"2014-08-13T20:10:16","slug":"presidente-correa-constata-avances-de-planta-hidroelectrica-mazar-dudas-en-azuay","status":"publish","type":"post","link":"https:\/\/www.ecuadoraldia.com.ec\/?p=4203","title":{"rendered":"Presidente Correa constata avances  de planta  hidroel\u00e9ctrica Mazar-Dudas en Azuay"},"content":{"rendered":"<p><a href=\"http:\/\/www.ecuadoraldia.com.ec\/wp-content\/uploads\/2014\/08\/correa-azuay.jpg\"><img loading=\"lazy\" decoding=\"async\" class=\"alignleft size-medium wp-image-4215\" src=\"http:\/\/www.ecuadoraldia.com.ec\/wp-content\/uploads\/2014\/08\/correa-azuay-300x251.jpg\" alt=\"correa azuay\" width=\"300\" height=\"251\" srcset=\"https:\/\/www.ecuadoraldia.com.ec\/wp-content\/uploads\/2014\/08\/correa-azuay-300x251.jpg 300w, https:\/\/www.ecuadoraldia.com.ec\/wp-content\/uploads\/2014\/08\/correa-azuay.jpg 600w\" sizes=\"(max-width: 300px) 100vw, 300px\" \/><\/a>El presidente Rafael Correa constatar\u00e1 hoy por aire el avance de los trabajos en el Proyecto Hidroel\u00e9ctrico Mazar-Dudas, (situado en las parroquias orientales del cant\u00f3n Azogues), el que est\u00e1 conformado por tres centrales: la Dudas, ubicada en la parroquia Pindilig, aprovecha las aguas del r\u00edo del mismo nombre y la generaci\u00f3n de energ\u00eda ser\u00e1 de 7,4 megavatios; la central Alaz\u00e1n, en la parroquia Rivera, con 6,23 megavatios; y la San Antonio, con 7,19 megavatios. Las dos \u00faltimas aprovechan el agua del r\u00edo Mazar y entre las tres generan un total de 20,82 megavatios de energ\u00eda.<\/p>\n<p>La construcci\u00f3n de estas infraestructuras tiene un avance del 70 %. El proceso de construcci\u00f3n de las obras civiles comenz\u00f3 el 25 de enero de 2012 y se aspiraba que est\u00e9 terminada y en operaci\u00f3n el 25 de enero del presente a\u00f1o. El mandatario har\u00e1 un recorrido, si el clima permite el descenso de su helic\u00f3ptero. Las condiciones geol\u00f3gicas complejas de la zona han generado inestabilidad, principalmente en los taludes de casa de maquinas de la central Alaz\u00e1n, San Antonio y Dudas, situaci\u00f3n que ha obligado a profundizar en los estudios geol\u00f3gicos.<\/p>\n<p>El temporal invernal en la zona del proyecto, con mayor intensidad en los meses de julio y agosto de 2013, tambi\u00e9n motiv\u00f3 la pr\u00f3rroga del plazo, ahora se estima que los trabajos concluyan a finales de este a\u00f1o.<\/p>\n<p>El monto principal del contrato asciende a 52 millones de d\u00f3lares: 47 millones 500 mil d\u00f3lares se destinar\u00e1n a la construcci\u00f3n de obras civiles, equipos electrom\u00e9canicos, redes de transmisi\u00f3n, casa de m\u00e1quinas, turbinas y otros elementos; mientras que 4 millones 500 mil d\u00f3lares se orientan para el gerenciamiento, fiscalizaci\u00f3n y administraci\u00f3n.<\/p>\n<p>Debido al incremento de vol\u00famenes de obra por condiciones geol\u00f3gicas del proyecto, con fecha 20 de enero de 2014 se suscribi\u00f3 el contrato complementario por un monto de 10 millones 495 mil 821 d\u00f3lares. El monto total del contrato hasta la presente fecha es de 57 millones 995 mil 821 d\u00f3lares.<\/p>\n<p>En el mes de mayo se contrat\u00f3 la fiscalizaci\u00f3n electromec\u00e1nica que est\u00e1 a cargo de la consultora Caminosca, la cual se encarga de fiscalizar el montaje del equipo electromec\u00e1nico. A partir de enero hasta la fecha han llegado los equipos principales para las tres centrales que comprende el proyecto.<\/p>\n<p>La ejecuci\u00f3n de la obra est\u00e1 a cargo de la empresa constructora de la Rep\u00fablica de China: \u201cChina National Electric Engineering Co. Ltda.\u201d, entidad que subcontrat\u00f3 con la firma ecuatoriana Ripalda Construcciones Civiles (RIPCONCIV). La Unidad de Negocios Hidroazogues que llev\u00f3 adelante el proceso de contrataci\u00f3n est\u00e1 a cargo del gerenciamiento, fiscalizaci\u00f3n y administraci\u00f3n del proyecto.<\/p>\n<p>La generaci\u00f3n de empleo promedia un total de 1.200 plazas de las cuales el 5,30 % corresponde a mano de obra extranjera y el 73,39 % nacional y el 21,30% local. A decir del gobernador Juan C\u00e1rdenas Espinoza, el proyecto Mazar\u2013Dudas potencia no solamente una energ\u00eda limpia, ecol\u00f3gica e hidr\u00e1ulica, sino que ha cambiado el estilo de vida de muchas personas por el hecho de generar fuentes de empleo, seg\u00fan un informe del programa radial \u201cCa\u00f1ar Habla\u201d.<\/p>\n","protected":false},"excerpt":{"rendered":"<p>El presidente Rafael Correa constatar\u00e1 hoy por aire el avance de los trabajos en el Proyecto Hidroel\u00e9ctrico Mazar-Dudas, (situado en<\/p>\n","protected":false},"author":1,"featured_media":0,"comment_status":"open","ping_status":"open","sticky":false,"template":"","format":"standard","meta":{"footnotes":""},"categories":[11],"tags":[],"_links":{"self":[{"href":"https:\/\/www.ecuadoraldia.com.ec\/index.php?rest_route=\/wp\/v2\/posts\/4203"}],"collection":[{"href":"https:\/\/www.ecuadoraldia.com.ec\/index.php?rest_route=\/wp\/v2\/posts"}],"about":[{"href":"https:\/\/www.ecuadoraldia.com.ec\/index.php?rest_route=\/wp\/v2\/types\/post"}],"author":[{"embeddable":true,"href":"https:\/\/www.ecuadoraldia.com.ec\/index.php?rest_route=\/wp\/v2\/users\/1"}],"replies":[{"embeddable":true,"href":"https:\/\/www.ecuadoraldia.com.ec\/index.php?rest_route=%2Fwp%2Fv2%2Fcomments&post=4203"}],"version-history":[{"count":2,"href":"https:\/\/www.ecuadoraldia.com.ec\/index.php?rest_route=\/wp\/v2\/posts\/4203\/revisions"}],"predecessor-version":[{"id":4216,"href":"https:\/\/www.ecuadoraldia.com.ec\/index.php?rest_route=\/wp\/v2\/posts\/4203\/revisions\/4216"}],"wp:attachment":[{"href":"https:\/\/www.ecuadoraldia.com.ec\/index.php?rest_route=%2Fwp%2Fv2%2Fmedia&parent=4203"}],"wp:term":[{"taxonomy":"category","embeddable":true,"href":"https:\/\/www.ecuadoraldia.com.ec\/index.php?rest_route=%2Fwp%2Fv2%2Fcategories&post=4203"},{"taxonomy":"post_tag","embeddable":true,"href":"https:\/\/www.ecuadoraldia.com.ec\/index.php?rest_route=%2Fwp%2Fv2%2Ftags&post=4203"}],"curies":[{"name":"wp","href":"https:\/\/api.w.org\/{rel}","templated":true}]}}