{"id":4206,"date":"2014-08-13T19:55:56","date_gmt":"2014-08-13T19:55:56","guid":{"rendered":"http:\/\/www.ecuadoraldia.com.ec\/?p=4206"},"modified":"2014-08-13T19:55:56","modified_gmt":"2014-08-13T19:55:56","slug":"ministra-ambiente-ecuador-aclara-plan-de-reparacion-no-se-refiere-a-chevron","status":"publish","type":"post","link":"https:\/\/www.ecuadoraldia.com.ec\/?p=4206","title":{"rendered":"Ministra Ambiente Ecuador aclara plan de reparaci\u00f3n no se refiere a Chevron"},"content":{"rendered":"<p><a href=\"http:\/\/www.ecuadoraldia.com.ec\/wp-content\/uploads\/2014\/08\/lt.jpg\"><img loading=\"lazy\" decoding=\"async\" class=\"alignleft size-medium wp-image-4207\" src=\"http:\/\/www.ecuadoraldia.com.ec\/wp-content\/uploads\/2014\/08\/lt-300x209.jpg\" alt=\"lt\" width=\"300\" height=\"209\" srcset=\"https:\/\/www.ecuadoraldia.com.ec\/wp-content\/uploads\/2014\/08\/lt-300x209.jpg 300w, https:\/\/www.ecuadoraldia.com.ec\/wp-content\/uploads\/2014\/08\/lt.jpg 488w\" sizes=\"(max-width: 300px) 100vw, 300px\" \/><\/a>Quito.- (EFE).- La ministra de Ambiente, Lorena Tapia, aclar\u00f3 ayer que el Programa de Reparaci\u00f3n Ambiental y Social (Pras) que lleva a cabo esa cartera \u201cno se refiere al caso Chevron\u201d, sino a la contaminaci\u00f3n causada por \u201cdiferentes operadoras petroleras p\u00fablicas y privadas\u201d en la Amazon\u00eda ecuatoriana.<\/p>\n<p>Tapia se refiri\u00f3 as\u00ed a una informaci\u00f3n difundida por Efe sobre una reciente visita de expertos internacionales que analizaron las implicaciones ambientales, cient\u00edficas y jur\u00eddicas de la contaminaci\u00f3n en la Amazon\u00eda del pa\u00eds andino.<\/p>\n<p>La justicia ecuatoriana conden\u00f3 en 2013 a la petrolera estadounidense a pagar 9.500 millones de d\u00f3lares por los da\u00f1os causados en la Amazon\u00eda, donde oper\u00f3 entre 1964 y 1990, pero la ministra precis\u00f3 que cuando, durante la visita de los expertos, mencion\u00f3 los procesos de reparaci\u00f3n emprendidos en esa zona, se refiri\u00f3 \u201ca la operaci\u00f3n petrolera en general, en la Amazon\u00eda\u201d.<\/p>\n<p>Tambi\u00e9n aludi\u00f3 a \u201cla pol\u00edtica p\u00fablica de reparaci\u00f3n ambiental\u201d que lleva a cabo el Gobierno en el conjunto del pa\u00eds y subray\u00f3 la importancia de un trabajo que lleva a cabo el ministerio \u201csobre los pasivos de la historia petrolera para determinar la magnitud de la contaminaci\u00f3n en general\u201d.<\/p>\n<p>\u201cEs importante destacar que el trabajo de remediaci\u00f3n se realiza sobre los pasivos dejados por las operadoras p\u00fablicas que no tengan que ver con los pasivos dejados por Chevron-Texaco, motivo de un litigio de car\u00e1cter privado en el que el Estado ecuatoriano no est\u00e1 involucrado\u201d, indic\u00f3<\/p>\n","protected":false},"excerpt":{"rendered":"<p>Quito.- (EFE).- La ministra de Ambiente, Lorena Tapia, aclar\u00f3 ayer que el Programa de Reparaci\u00f3n Ambiental y Social (Pras) que<\/p>\n","protected":false},"author":1,"featured_media":0,"comment_status":"open","ping_status":"open","sticky":false,"template":"","format":"standard","meta":{"footnotes":""},"categories":[3],"tags":[],"_links":{"self":[{"href":"https:\/\/www.ecuadoraldia.com.ec\/index.php?rest_route=\/wp\/v2\/posts\/4206"}],"collection":[{"href":"https:\/\/www.ecuadoraldia.com.ec\/index.php?rest_route=\/wp\/v2\/posts"}],"about":[{"href":"https:\/\/www.ecuadoraldia.com.ec\/index.php?rest_route=\/wp\/v2\/types\/post"}],"author":[{"embeddable":true,"href":"https:\/\/www.ecuadoraldia.com.ec\/index.php?rest_route=\/wp\/v2\/users\/1"}],"replies":[{"embeddable":true,"href":"https:\/\/www.ecuadoraldia.com.ec\/index.php?rest_route=%2Fwp%2Fv2%2Fcomments&post=4206"}],"version-history":[{"count":1,"href":"https:\/\/www.ecuadoraldia.com.ec\/index.php?rest_route=\/wp\/v2\/posts\/4206\/revisions"}],"predecessor-version":[{"id":4208,"href":"https:\/\/www.ecuadoraldia.com.ec\/index.php?rest_route=\/wp\/v2\/posts\/4206\/revisions\/4208"}],"wp:attachment":[{"href":"https:\/\/www.ecuadoraldia.com.ec\/index.php?rest_route=%2Fwp%2Fv2%2Fmedia&parent=4206"}],"wp:term":[{"taxonomy":"category","embeddable":true,"href":"https:\/\/www.ecuadoraldia.com.ec\/index.php?rest_route=%2Fwp%2Fv2%2Fcategories&post=4206"},{"taxonomy":"post_tag","embeddable":true,"href":"https:\/\/www.ecuadoraldia.com.ec\/index.php?rest_route=%2Fwp%2Fv2%2Ftags&post=4206"}],"curies":[{"name":"wp","href":"https:\/\/api.w.org\/{rel}","templated":true}]}}