{"id":4209,"date":"2014-08-13T19:57:59","date_gmt":"2014-08-13T19:57:59","guid":{"rendered":"http:\/\/www.ecuadoraldia.com.ec\/?p=4209"},"modified":"2014-08-13T19:57:59","modified_gmt":"2014-08-13T19:57:59","slug":"ministerio-de-comercio-exterior-explicara-contenido-del-acuerdo-con-la-ue","status":"publish","type":"post","link":"https:\/\/www.ecuadoraldia.com.ec\/?p=4209","title":{"rendered":"Ministerio de Comercio exterior explicar\u00e1 contenido del Acuerdo con la UE"},"content":{"rendered":"<p><a href=\"http:\/\/www.ecuadoraldia.com.ec\/wp-content\/uploads\/2014\/08\/ue.jpg\"><img loading=\"lazy\" decoding=\"async\" class=\"alignleft size-medium wp-image-4210\" src=\"http:\/\/www.ecuadoraldia.com.ec\/wp-content\/uploads\/2014\/08\/ue-300x200.jpg\" alt=\"ue\" width=\"300\" height=\"200\" srcset=\"https:\/\/www.ecuadoraldia.com.ec\/wp-content\/uploads\/2014\/08\/ue-300x200.jpg 300w, https:\/\/www.ecuadoraldia.com.ec\/wp-content\/uploads\/2014\/08\/ue.jpg 510w\" sizes=\"(max-width: 300px) 100vw, 300px\" \/><\/a>QUITO.- El ministro de Comercio Exterior, Francisco Rivadeneira, presentar\u00e1 el pr\u00f3ximo mi\u00e9rcoles ante la Comisi\u00f3n de Desarrollo Econ\u00f3mico de la Asamblea Nacional un informe sobre el contenido del Acuerdo Multipartes con la Uni\u00f3n Europea (UE) y se referir\u00e1 a la oportunidad de ampliar la oferta exportable hacia Rusia. As\u00ed lo anunci\u00f3 ayer el presidente de esta instancia legislativa, Juan Carlos Cassinelli, puesto que se trata de uno de los temas de mayor importancia para el pa\u00eds, como es la firma del Acuerdo con la UE, ante lo cual la Asamblea Nacional debe generar el espacio de debate y conocimiento del tema.<\/p>\n<p>Rivadeneira tiene la oportunidad de explicar sobre los 13 temas que fueron negociados con la UE al retomarse este a\u00f1o el proceso. Este di\u00e1logo fue ofrecido por el propio ministro anteayer ante organizaciones como Diabluma, la Confederaci\u00f3n de Estudiantes Universitarios y Polit\u00e9cnicos del Ecuador, la Coordinaci\u00f3n Nacional Campesina \u201cEloy Alfaro\u201d y otros, que acudieron al despacho para recibir informaci\u00f3n sobre el acuerdo. S e comprometi\u00f3 a entregar mayores detalles para que conozcan al alcance del acuerdo que, seg\u00fan dijo, beneficiar\u00e1 al pa\u00eds.<\/p>\n<p>Tambi\u00e9n informar\u00e1 a los legisladores sobre la oportunidad que significa para el Ecuador la decisi\u00f3n del Gobierno de Rusia de ampliar sus compras en Latinoam\u00e9rica, tras las sanciones tomadas por Estados Unidos y la Uni\u00f3n Europea, por lo que se evaluar\u00e1 con las autoridades del Gobierno y empresarios la oferta exportable que puede presentar a Rusia. Al momento, un equipo del Gobierno, liderado por el vicepresidente, Jorge Glas, trabaja para identificar los productos que se pueda ofrecer a Rusia de manera inmediata y a medio plazo, tales como hortalizas, frutas y productos del mar, aunque no podr\u00e1 ofertar productos de la cadena de c\u00e1rnicos, porque reci\u00e9n el pr\u00f3ximo a\u00f1o el Ecuador estar\u00e1 libre de fiebre aftosa.<\/p>\n<p>\u201cRusia ha tomado la decisi\u00f3n para comprarle a Am\u00e9rica Latina\u201d y esa es tambi\u00e9n \u201cuna oportunidad para Ecuador\u201d, se\u00f1al\u00f3 el lunes el ministro Francisco Rivadeneira. \u201cSon listas espec\u00edficas\u201d de productos que integrar\u00e1n la oferta ecuatoriana a Rusia, a\u00f1adi\u00f3 el ministro, tras explicar que, de momento, se estudian las listas de productos para determinar \u201ccu\u00e1les podemos y cuales no, y trabajar con Rusia para que nos ayude a avanzar en los cumplimientos\u201d de requisitos sanitarios y fitosanitarios, agreg\u00f3 Rivadeneira.<\/p>\n<p>Sin embargo, el ministro aclar\u00f3 que de momento Ecuador no podr\u00e1 ofrecerle al mercado ruso productos de la cadena de c\u00e1rnicos, que se encuentra en etapa de desarrollo y que aspira el pr\u00f3ximo a\u00f1o a ser declarado libre de fiebre aftosa, requisito para la exportaci\u00f3n. Ecuador podr\u00eda ofrecer a Mosc\u00fa hortalizas, frutas y productos del mar, apunt\u00f3 el ministro. (ALA\/EFE).<\/p>\n<p>Rusia prohibi\u00f3 por un a\u00f1o la importaci\u00f3n de ternera, cerdo, verduras y hortalizas, frutas, carne de ave, pescado, quesos, leche y productos l\u00e1cteos desde la UE, EEUU, Australia, Canad\u00e1 y Noruega, en respuesta a las sanciones que le han impuesto esos pa\u00edses por su papel en la crisis ucraniana.<\/p>\n","protected":false},"excerpt":{"rendered":"<p>QUITO.- El ministro de Comercio Exterior, Francisco Rivadeneira, presentar\u00e1 el pr\u00f3ximo mi\u00e9rcoles ante la Comisi\u00f3n de Desarrollo Econ\u00f3mico de la<\/p>\n","protected":false},"author":1,"featured_media":0,"comment_status":"open","ping_status":"open","sticky":false,"template":"","format":"standard","meta":{"footnotes":""},"categories":[9],"tags":[],"_links":{"self":[{"href":"https:\/\/www.ecuadoraldia.com.ec\/index.php?rest_route=\/wp\/v2\/posts\/4209"}],"collection":[{"href":"https:\/\/www.ecuadoraldia.com.ec\/index.php?rest_route=\/wp\/v2\/posts"}],"about":[{"href":"https:\/\/www.ecuadoraldia.com.ec\/index.php?rest_route=\/wp\/v2\/types\/post"}],"author":[{"embeddable":true,"href":"https:\/\/www.ecuadoraldia.com.ec\/index.php?rest_route=\/wp\/v2\/users\/1"}],"replies":[{"embeddable":true,"href":"https:\/\/www.ecuadoraldia.com.ec\/index.php?rest_route=%2Fwp%2Fv2%2Fcomments&post=4209"}],"version-history":[{"count":1,"href":"https:\/\/www.ecuadoraldia.com.ec\/index.php?rest_route=\/wp\/v2\/posts\/4209\/revisions"}],"predecessor-version":[{"id":4211,"href":"https:\/\/www.ecuadoraldia.com.ec\/index.php?rest_route=\/wp\/v2\/posts\/4209\/revisions\/4211"}],"wp:attachment":[{"href":"https:\/\/www.ecuadoraldia.com.ec\/index.php?rest_route=%2Fwp%2Fv2%2Fmedia&parent=4209"}],"wp:term":[{"taxonomy":"category","embeddable":true,"href":"https:\/\/www.ecuadoraldia.com.ec\/index.php?rest_route=%2Fwp%2Fv2%2Fcategories&post=4209"},{"taxonomy":"post_tag","embeddable":true,"href":"https:\/\/www.ecuadoraldia.com.ec\/index.php?rest_route=%2Fwp%2Fv2%2Ftags&post=4209"}],"curies":[{"name":"wp","href":"https:\/\/api.w.org\/{rel}","templated":true}]}}