{"id":4212,"date":"2014-08-13T20:07:10","date_gmt":"2014-08-13T20:07:10","guid":{"rendered":"http:\/\/www.ecuadoraldia.com.ec\/?p=4212"},"modified":"2014-08-13T20:07:10","modified_gmt":"2014-08-13T20:07:10","slug":"candidata-a-miss-colombia-es-descalificada-por-posar-en-bikini-muy-pequeno","status":"publish","type":"post","link":"https:\/\/www.ecuadoraldia.com.ec\/?p=4212","title":{"rendered":"Candidata a Miss Colombia es descalificada por posar en bikini muy peque\u00f1o"},"content":{"rendered":"<p><a href=\"http:\/\/www.ecuadoraldia.com.ec\/wp-content\/uploads\/2014\/08\/missc.jpg\"><img loading=\"lazy\" decoding=\"async\" class=\"alignleft size-medium wp-image-4213\" src=\"http:\/\/www.ecuadoraldia.com.ec\/wp-content\/uploads\/2014\/08\/missc-258x300.jpg\" alt=\"missc\" width=\"258\" height=\"300\" srcset=\"https:\/\/www.ecuadoraldia.com.ec\/wp-content\/uploads\/2014\/08\/missc-258x300.jpg 258w, https:\/\/www.ecuadoraldia.com.ec\/wp-content\/uploads\/2014\/08\/missc.jpg 600w\" sizes=\"(max-width: 258px) 100vw, 258px\" \/><\/a>Bogot\u00e1.EFE. Paola Builes, candidata a hacerse con la corona de la m\u00e1s bella en Colombia, fue destituida de la competici\u00f3n tras conocerse que posar en un bikini demasiado peque\u00f1o durante su etapa de modelo, algo prohibido por el estricto reglamento del certamen, informaron este mi\u00e9rcoles medios locales.<\/p>\n<p>Builes, estudiante de Comunicaci\u00f3n Social y Periodismo, hab\u00eda avanzado en la carrera por el codiciado t\u00edtulo el pasado domingo, cuando fue elegida como nueva Se\u00f1orita Antioquia, en representaci\u00f3n del departamento del mismo nombre.<\/p>\n<p>Sin embargo, sus esperanzas se truncaron cuando los organizadores del concurso regional decidieron destituirla al descubrir que hab\u00eda posado en un vestido de ba\u00f1o considerado inadecuado mientras trabaj\u00f3 como modelo.<\/p>\n<p>La fotograf\u00eda de la discordia muestra a la Se\u00f1orita Antioquia en un bikini de tonos rosas y azules que en su versi\u00f3n superior resulta excesivamente peque\u00f1a, algo que levant\u00f3 la pol\u00e9mica entre los organizadores y que fue definida por expertos en reinados como \u00abdemasiado sugestivo\u00bb.<\/p>\n<p>Los estrictos c\u00f3digos del concurso colombiano de belleza establecen que las aspirantes no pueden aparecer en este tipo de fotograf\u00edas, por lo que Builes no participar\u00e1 en la pr\u00f3xima edici\u00f3n del certamen, que tendr\u00e1 lugar en noviembre pr\u00f3ximo en Cartagena.<\/p>\n<p>Pese a que una de las pruebas del concurso consiste precisamente en que las aspirantes desfilen en bikini, la censura de los organizadores se debe a que las participantes no pueden posar profesionalmente para ninguna marca de ropa de ba\u00f1o antes de participar en el concurso.<\/p>\n<p>La suerte de Builes ya se ha vivido en Colombia con la destituci\u00f3n de otras candidatas por motivos parecidos en anteriores ediciones, algo que provoca que el puesto de segunda clasificada sea tambi\u00e9n muy codiciado para pasar a la acci\u00f3n cuando sea necesario.<\/p>\n<p>Desde que el popular certamen se celebra, la prenda de ba\u00f1o femenina ha sido la mayor responsable de los esc\u00e1ndalos de belleza, provocando incluso campa\u00f1as medi\u00e1ticas en su contra que la Iglesia cat\u00f3lica lider\u00f3 en los a\u00f1os 40 y 50.<\/p>\n<p>Sin embargo, la radicalizaci\u00f3n del reglamento se produjo a partir de 1993 por motivo bien distinto, ya que el pa\u00eds se revolucion\u00f3 cuando se supo que la candidata del departamento de Amazonas ese a\u00f1o, Catherine S\u00e1nchez Hern\u00e1ndez, estaba casada y embarazada de dos meses.<\/p>\n","protected":false},"excerpt":{"rendered":"<p>Bogot\u00e1.EFE. Paola Builes, candidata a hacerse con la corona de la m\u00e1s bella en Colombia, fue destituida de la competici\u00f3n<\/p>\n","protected":false},"author":1,"featured_media":0,"comment_status":"open","ping_status":"open","sticky":false,"template":"","format":"standard","meta":{"footnotes":""},"categories":[1],"tags":[],"_links":{"self":[{"href":"https:\/\/www.ecuadoraldia.com.ec\/index.php?rest_route=\/wp\/v2\/posts\/4212"}],"collection":[{"href":"https:\/\/www.ecuadoraldia.com.ec\/index.php?rest_route=\/wp\/v2\/posts"}],"about":[{"href":"https:\/\/www.ecuadoraldia.com.ec\/index.php?rest_route=\/wp\/v2\/types\/post"}],"author":[{"embeddable":true,"href":"https:\/\/www.ecuadoraldia.com.ec\/index.php?rest_route=\/wp\/v2\/users\/1"}],"replies":[{"embeddable":true,"href":"https:\/\/www.ecuadoraldia.com.ec\/index.php?rest_route=%2Fwp%2Fv2%2Fcomments&post=4212"}],"version-history":[{"count":1,"href":"https:\/\/www.ecuadoraldia.com.ec\/index.php?rest_route=\/wp\/v2\/posts\/4212\/revisions"}],"predecessor-version":[{"id":4214,"href":"https:\/\/www.ecuadoraldia.com.ec\/index.php?rest_route=\/wp\/v2\/posts\/4212\/revisions\/4214"}],"wp:attachment":[{"href":"https:\/\/www.ecuadoraldia.com.ec\/index.php?rest_route=%2Fwp%2Fv2%2Fmedia&parent=4212"}],"wp:term":[{"taxonomy":"category","embeddable":true,"href":"https:\/\/www.ecuadoraldia.com.ec\/index.php?rest_route=%2Fwp%2Fv2%2Fcategories&post=4212"},{"taxonomy":"post_tag","embeddable":true,"href":"https:\/\/www.ecuadoraldia.com.ec\/index.php?rest_route=%2Fwp%2Fv2%2Ftags&post=4212"}],"curies":[{"name":"wp","href":"https:\/\/api.w.org\/{rel}","templated":true}]}}