{"id":4217,"date":"2014-08-14T12:24:43","date_gmt":"2014-08-14T12:24:43","guid":{"rendered":"http:\/\/www.ecuadoraldia.com.ec\/?p=4217"},"modified":"2014-08-14T12:24:43","modified_gmt":"2014-08-14T12:24:43","slug":"4217","status":"publish","type":"post","link":"https:\/\/www.ecuadoraldia.com.ec\/?p=4217","title":{"rendered":""},"content":{"rendered":"<p><a href=\"http:\/\/www.ecuadoraldia.com.ec\/wp-content\/uploads\/2014\/08\/correa-e.jpg\"><img loading=\"lazy\" decoding=\"async\" class=\"alignleft size-medium wp-image-4218\" src=\"http:\/\/www.ecuadoraldia.com.ec\/wp-content\/uploads\/2014\/08\/correa-e-300x223.jpg\" alt=\"correa-e\" width=\"300\" height=\"223\" srcset=\"https:\/\/www.ecuadoraldia.com.ec\/wp-content\/uploads\/2014\/08\/correa-e-300x223.jpg 300w, https:\/\/www.ecuadoraldia.com.ec\/wp-content\/uploads\/2014\/08\/correa-e.jpg 600w\" sizes=\"(max-width: 300px) 100vw, 300px\" \/><\/a>El vicecanciller ecuatoriano, Leonardo Ar\u00edzaga, est\u00e1 de visita en India para organizar el viaje del presidente Rafael Correa a ese pa\u00eds el pr\u00f3ximo a\u00f1o y participar este mi\u00e9rcoles en la IV Ronda del Di\u00e1logo Pol\u00edtico Ecuador-India, confirm\u00f3 la Canciller\u00eda.<\/p>\n<p>Con ese prop\u00f3sito, Ar\u00edzaga se reuni\u00f3 con la ministra de Relaciones Exteriores de India, Sushma Swaraj, con quien dialog\u00f3 sobre la apertura de la embajada india en esta naci\u00f3n suramericana, indic\u00f3 la Canciller\u00eda en su p\u00e1gina oficial.<\/p>\n<p>El vicecanciller tambi\u00e9n present\u00f3 a la ministra Swaraj el cat\u00e1logo de proyectos estrat\u00e9gicos de Ecuador, cuyo monto asciende a 28.000 millones de d\u00f3lares, y le inform\u00f3 sobre las reuniones en Nueva Delhi con representantes de empresas farmac\u00e9uticas, petroleras, entre otras.<\/p>\n<p>La ministra india acogi\u00f3 con inter\u00e9s la presentaci\u00f3n de los proyectos estrat\u00e9gicos y ratific\u00f3 la decisi\u00f3n de su pa\u00eds de otorgar l\u00edneas de cr\u00e9dito en \u00abt\u00e9rminos concesionales\u00bb a Ecuador, que son donaciones y pr\u00e9stamos a tasas inferiores a las del mercado.<\/p>\n<p>Swaraj reconoci\u00f3, adem\u00e1s, la importancia de Am\u00e9rica Latina para su pa\u00eds y expres\u00f3 el deseo de estrechar relaciones con la Comunidad de Estados Latinoamericanos y Caribe\u00f1os (Celac) durante la Presidencia de Pro T\u00e9mpore de Ecuador en 2015.<\/p>\n<p>La v\u00edspera, el vicecanciller ecuatoriano ofreci\u00f3 la conferencia \u201cLogros de la Revoluci\u00f3n Ciudadana\u201d, en el auditorio del India Internacional Centre de la capital india.<\/p>\n<p>Para la IV Ronda del Di\u00e1logo Pol\u00edtico Ecuador-India fueron invitados, entre otros, estudiantes de los tres principales centros de altos estudios de Nueva Delhi: las Universidades de Delhi, Jawaharlal Nehru y Jamia Millia Islamia.<\/p>\n","protected":false},"excerpt":{"rendered":"<p>El vicecanciller ecuatoriano, Leonardo Ar\u00edzaga, est\u00e1 de visita en India para organizar el viaje del presidente Rafael Correa a ese<\/p>\n","protected":false},"author":1,"featured_media":0,"comment_status":"open","ping_status":"open","sticky":false,"template":"","format":"standard","meta":{"footnotes":""},"categories":[1],"tags":[],"_links":{"self":[{"href":"https:\/\/www.ecuadoraldia.com.ec\/index.php?rest_route=\/wp\/v2\/posts\/4217"}],"collection":[{"href":"https:\/\/www.ecuadoraldia.com.ec\/index.php?rest_route=\/wp\/v2\/posts"}],"about":[{"href":"https:\/\/www.ecuadoraldia.com.ec\/index.php?rest_route=\/wp\/v2\/types\/post"}],"author":[{"embeddable":true,"href":"https:\/\/www.ecuadoraldia.com.ec\/index.php?rest_route=\/wp\/v2\/users\/1"}],"replies":[{"embeddable":true,"href":"https:\/\/www.ecuadoraldia.com.ec\/index.php?rest_route=%2Fwp%2Fv2%2Fcomments&post=4217"}],"version-history":[{"count":1,"href":"https:\/\/www.ecuadoraldia.com.ec\/index.php?rest_route=\/wp\/v2\/posts\/4217\/revisions"}],"predecessor-version":[{"id":4219,"href":"https:\/\/www.ecuadoraldia.com.ec\/index.php?rest_route=\/wp\/v2\/posts\/4217\/revisions\/4219"}],"wp:attachment":[{"href":"https:\/\/www.ecuadoraldia.com.ec\/index.php?rest_route=%2Fwp%2Fv2%2Fmedia&parent=4217"}],"wp:term":[{"taxonomy":"category","embeddable":true,"href":"https:\/\/www.ecuadoraldia.com.ec\/index.php?rest_route=%2Fwp%2Fv2%2Fcategories&post=4217"},{"taxonomy":"post_tag","embeddable":true,"href":"https:\/\/www.ecuadoraldia.com.ec\/index.php?rest_route=%2Fwp%2Fv2%2Ftags&post=4217"}],"curies":[{"name":"wp","href":"https:\/\/api.w.org\/{rel}","templated":true}]}}