{"id":4223,"date":"2014-08-14T12:36:07","date_gmt":"2014-08-14T12:36:07","guid":{"rendered":"http:\/\/www.ecuadoraldia.com.ec\/?p=4223"},"modified":"2014-08-14T12:36:07","modified_gmt":"2014-08-14T12:36:07","slug":"reforma-a-ley-de-comunicacion-no-tendria-apoyo-de-asambleistas","status":"publish","type":"post","link":"https:\/\/www.ecuadoraldia.com.ec\/?p=4223","title":{"rendered":"Reforma a Ley de Comunicaci\u00f3n no tendr\u00eda apoyo de asamble\u00edstas"},"content":{"rendered":"<p><a href=\"http:\/\/www.ecuadoraldia.com.ec\/wp-content\/uploads\/2014\/08\/com.jpg\"><img loading=\"lazy\" decoding=\"async\" class=\"alignleft size-medium wp-image-4224\" src=\"http:\/\/www.ecuadoraldia.com.ec\/wp-content\/uploads\/2014\/08\/com-300x167.jpg\" alt=\"com\" width=\"300\" height=\"167\" srcset=\"https:\/\/www.ecuadoraldia.com.ec\/wp-content\/uploads\/2014\/08\/com-300x167.jpg 300w, https:\/\/www.ecuadoraldia.com.ec\/wp-content\/uploads\/2014\/08\/com-1024x572.jpg 1024w, https:\/\/www.ecuadoraldia.com.ec\/wp-content\/uploads\/2014\/08\/com.jpg 1400w\" sizes=\"(max-width: 300px) 100vw, 300px\" \/><\/a>El superintendente de Comunicaci\u00f3n (Supercom), Carlos Ochoa, anunci\u00f3 el pasado lunes que est\u00e1 elaborando un proyecto de reformas a la Ley de Comunicaci\u00f3n; una de ellas ser\u00eda darle \u2018dosimetr\u00eda\u2019 a la sanci\u00f3n por esa figura, establecida en el art\u00edculo 26 de la norma.<\/p>\n<p>La norma proh\u00edbe difundir informaci\u00f3n reiterativa a trav\u00e9s de uno o m\u00e1s medios de comunicaci\u00f3n para desprestigiar a una persona y reducir su credibilidad. La sanci\u00f3n es una disculpa p\u00fablica de quienes divulgaron la informaci\u00f3n.<\/p>\n<p>Ochoa considera que \u201cno puede ser que el linchamiento, que puede acabar con la honra y la vida, sea \u00fanicamente sancionado con una disculpa\u201d.<\/p>\n<p>El legislador \u00c1ngel Vilema (AP), quien estuvo en la Comisi\u00f3n que hizo la Ley, cree que toda norma es perfectible, pero como bloque legislativo no han pensado en reformarla. \u201cNosotros creemos que esta es una ley que se est\u00e1 aplicando de buena manera, el acoso medi\u00e1tico est\u00e1 bien sancionado. Quiz\u00e1s con la experiencia y las bases que la Supercom presente podr\u00edamos analizar esta reforma\u201d, dice.<\/p>\n<p>Su coidearia Gina Godoy, integrante de la Comisi\u00f3n de Justicia, no descarta que pueda discutirse esta propuesta.<\/p>\n<p>No obstante, \u201clas sanciones m\u00e1s all\u00e1 de las que ahora contempla la Ley de Comunicaci\u00f3n, es algo que no alcanzo a procesar, dado que no se pens\u00f3 m\u00e1s all\u00e1 de un llamado de atenci\u00f3n a un medio de comunicaci\u00f3n que se presta para esas condiciones\u201d, expresa.<\/p>\n<p>Durante el debate del C\u00f3digo Org\u00e1nico Integral Penal (COIP), esa mesa recibi\u00f3 una propuesta para penalizar el linchamiento medi\u00e1tico, pero no tuvo acogida. La present\u00f3 la oficialista Mar\u00eda Augusta Calle.<\/p>\n<p>El asamble\u00edsta Ramiro Aguilar (antes de SUMA) anticipa que si el proyecto llega al Legislativo ser\u00e1 descartado por incoherente pues \u201ces una sanci\u00f3n administrativa y el \u00fanico paso hacia arriba que puede tener es incluirla en el C\u00f3digo Penal\u201d.<\/p>\n<p>Luis Fernando Torres (PSC-Cambio) cree que radicalizar esta infracci\u00f3n \u201cquebrar\u00eda el principio de proporcionalidad establecido en el art\u00edculo 76 de la Constituci\u00f3n\u201d.<\/p>\n<p>Desde la vigencia de la Ley se presentaron tres casos sobre linchamiento en la Supercom. Uno de los hermanos Roberto y William Isa\u00edas, exdue\u00f1os de Filanbanco, contra diario El Tel\u00e9grafo. Otro por la exconstituyente Martha Rold\u00f3s contra medios incautados. Y otro de Sandra Correa, exministra del r\u00e9gimen de Abdal\u00e1 Bucaram, contra el radiodifusor Diego Oquendo. Ese fue el \u00fanico que se acept\u00f3, se sustanci\u00f3 y luego se desech\u00f3 en el organismo.Unv.<\/p>\n","protected":false},"excerpt":{"rendered":"<p>El superintendente de Comunicaci\u00f3n (Supercom), Carlos Ochoa, anunci\u00f3 el pasado lunes que est\u00e1 elaborando un proyecto de reformas a la<\/p>\n","protected":false},"author":1,"featured_media":0,"comment_status":"open","ping_status":"open","sticky":false,"template":"","format":"standard","meta":{"footnotes":""},"categories":[1],"tags":[],"_links":{"self":[{"href":"https:\/\/www.ecuadoraldia.com.ec\/index.php?rest_route=\/wp\/v2\/posts\/4223"}],"collection":[{"href":"https:\/\/www.ecuadoraldia.com.ec\/index.php?rest_route=\/wp\/v2\/posts"}],"about":[{"href":"https:\/\/www.ecuadoraldia.com.ec\/index.php?rest_route=\/wp\/v2\/types\/post"}],"author":[{"embeddable":true,"href":"https:\/\/www.ecuadoraldia.com.ec\/index.php?rest_route=\/wp\/v2\/users\/1"}],"replies":[{"embeddable":true,"href":"https:\/\/www.ecuadoraldia.com.ec\/index.php?rest_route=%2Fwp%2Fv2%2Fcomments&post=4223"}],"version-history":[{"count":1,"href":"https:\/\/www.ecuadoraldia.com.ec\/index.php?rest_route=\/wp\/v2\/posts\/4223\/revisions"}],"predecessor-version":[{"id":4225,"href":"https:\/\/www.ecuadoraldia.com.ec\/index.php?rest_route=\/wp\/v2\/posts\/4223\/revisions\/4225"}],"wp:attachment":[{"href":"https:\/\/www.ecuadoraldia.com.ec\/index.php?rest_route=%2Fwp%2Fv2%2Fmedia&parent=4223"}],"wp:term":[{"taxonomy":"category","embeddable":true,"href":"https:\/\/www.ecuadoraldia.com.ec\/index.php?rest_route=%2Fwp%2Fv2%2Fcategories&post=4223"},{"taxonomy":"post_tag","embeddable":true,"href":"https:\/\/www.ecuadoraldia.com.ec\/index.php?rest_route=%2Fwp%2Fv2%2Ftags&post=4223"}],"curies":[{"name":"wp","href":"https:\/\/api.w.org\/{rel}","templated":true}]}}