{"id":4229,"date":"2014-08-14T12:42:30","date_gmt":"2014-08-14T12:42:30","guid":{"rendered":"http:\/\/www.ecuadoraldia.com.ec\/?p=4229"},"modified":"2014-08-14T12:42:30","modified_gmt":"2014-08-14T12:42:30","slug":"ampliacion-de-la-simon-bolivar-bajo-la-lupa-por-muertos-en-sismo","status":"publish","type":"post","link":"https:\/\/www.ecuadoraldia.com.ec\/?p=4229","title":{"rendered":"Ampliaci\u00f3n de la Sim\u00f3n Bol\u00edvar bajo la lupa por muertos en sismo"},"content":{"rendered":"<p><a href=\"http:\/\/www.ecuadoraldia.com.ec\/wp-content\/uploads\/2014\/08\/sis.jpg\"><img loading=\"lazy\" decoding=\"async\" class=\"alignleft size-medium wp-image-4230\" src=\"http:\/\/www.ecuadoraldia.com.ec\/wp-content\/uploads\/2014\/08\/sis-300x200.jpg\" alt=\"sis\" width=\"300\" height=\"200\" srcset=\"https:\/\/www.ecuadoraldia.com.ec\/wp-content\/uploads\/2014\/08\/sis-300x200.jpg 300w, https:\/\/www.ecuadoraldia.com.ec\/wp-content\/uploads\/2014\/08\/sis.jpg 599w\" sizes=\"(max-width: 300px) 100vw, 300px\" \/><\/a>El alcalde Mauricio Rodas anunci\u00f3 ayer que las obras relacionadas con la prolongaci\u00f3n de la avenida Sim\u00f3n Bol\u00edvar, en el \u00e1rea de la crisis, est\u00e1n suspendidas hasta nueva orden. \u201cLos trabajos sobre el r\u00edo Monjas est\u00e1n suspendidos hasta que se garantice la seguridad de los obreros de este proyecto\u201d, manifest\u00f3.<\/p>\n<p>Adem\u00e1s pidi\u00f3 la intervenci\u00f3n del Ministerio de Relaciones Laborales y el IESS para que supervisen el cumplimiento de las obligaciones patronales de la empresa contratista con los trabajadores.<\/p>\n<p>El cumplimiento de las normas de seguridad en las obras de ampliaci\u00f3n de la Av. Sim\u00f3n Bol\u00edvar qued\u00f3 en entredicho luego de que el vicepresidente de la Rep\u00fablica, Jorge Glas, informara que dos de las cuatro personas que murieron durante el sismo de 5,1 grados trabajaban para una constructora privada que realizaba una obra municipal.<\/p>\n<p>Tras se\u00f1alar que los trabajos se habr\u00edan ejecutado sin cumplir \u201cmedidas de seguridad\u201d, Glas dijo que la Fiscal\u00eda deber\u00e1 investigar las muertes de los empleados de la constructora contratada por el Cabildo.<\/p>\n<p>La empresa Sinohydro, que tambi\u00e9n ejecuta el proyecto hidroel\u00e9ctrico Coca Codo Sinclair en Napo y Sucumb\u00edos, fue contratada en 2013 durante la administraci\u00f3n del Alcalde Augusto Barrera (Alianza PAIS) y las obras iniciaron el 6 de mayo de ese a\u00f1o, con un aporte de 80 millones financiados por el Exim Bank de China.<\/p>\n<p>El tramo intervenido inicia desde el sector de Carapungo y llega hasta La Marca, dos kil\u00f3metros m\u00e1s al norte del monumento a la Mitad del Mundo.<\/p>\n<p>La obra, para la que est\u00e1 prevista una inversi\u00f3n total de 108 millones de d\u00f3lares, se proyect\u00f3 para 28 meses y se dijo que tendr\u00e1 una extensi\u00f3n de 21,29 kil\u00f3metros. El proyecto incluye la construcci\u00f3n de tres puentes, cinco distribuidores de tr\u00e1fico y un intercambiador.<\/p>\n<p>El momento en que se registr\u00f3 el sismo de 5,1 en la escala de Richter 35 trabajadores, entre obreros, t\u00e9cnicos e ingenieros de la empresa Sinohydro, se encontraban laborando en la zona donde se edificar\u00e1 el puente sobre el r\u00edo Monjas. All\u00ed se derrumb\u00f3 un talud a 70 metros de altura, provocando que 100 metros c\u00fabicos de tierra cayeran sobre los obreros que trabajaban en un hueco de entre tres y cuatro metros de alto.<\/p>\n<p>Tras escuchar las declaraciones del Vicepresidente, el alcalde Mauricio Rodas hizo un nuevo balance de las v\u00edctimas, evacuados y da\u00f1os causados por el temblor que tuvo m\u00e1s de 40 r\u00e9plicas y tambi\u00e9n se refiri\u00f3 a esta obra. \u201cSe trata de la prolongaci\u00f3n de la avenida Sim\u00f3n Bol\u00edvar que fue contratada en mayo de 2013 durante la administraci\u00f3n anterior\u201d, confirm\u00f3 al sumarse al pedido de revisar las condiciones t\u00e9cnicas y laborales en que trabajan los obreros de la empresa china que fue contratada durante la administraci\u00f3n de Barrera.<\/p>\n","protected":false},"excerpt":{"rendered":"<p>El alcalde Mauricio Rodas anunci\u00f3 ayer que las obras relacionadas con la prolongaci\u00f3n de la avenida Sim\u00f3n Bol\u00edvar, en el<\/p>\n","protected":false},"author":1,"featured_media":0,"comment_status":"open","ping_status":"open","sticky":false,"template":"","format":"standard","meta":{"footnotes":""},"categories":[14,1],"tags":[],"_links":{"self":[{"href":"https:\/\/www.ecuadoraldia.com.ec\/index.php?rest_route=\/wp\/v2\/posts\/4229"}],"collection":[{"href":"https:\/\/www.ecuadoraldia.com.ec\/index.php?rest_route=\/wp\/v2\/posts"}],"about":[{"href":"https:\/\/www.ecuadoraldia.com.ec\/index.php?rest_route=\/wp\/v2\/types\/post"}],"author":[{"embeddable":true,"href":"https:\/\/www.ecuadoraldia.com.ec\/index.php?rest_route=\/wp\/v2\/users\/1"}],"replies":[{"embeddable":true,"href":"https:\/\/www.ecuadoraldia.com.ec\/index.php?rest_route=%2Fwp%2Fv2%2Fcomments&post=4229"}],"version-history":[{"count":1,"href":"https:\/\/www.ecuadoraldia.com.ec\/index.php?rest_route=\/wp\/v2\/posts\/4229\/revisions"}],"predecessor-version":[{"id":4231,"href":"https:\/\/www.ecuadoraldia.com.ec\/index.php?rest_route=\/wp\/v2\/posts\/4229\/revisions\/4231"}],"wp:attachment":[{"href":"https:\/\/www.ecuadoraldia.com.ec\/index.php?rest_route=%2Fwp%2Fv2%2Fmedia&parent=4229"}],"wp:term":[{"taxonomy":"category","embeddable":true,"href":"https:\/\/www.ecuadoraldia.com.ec\/index.php?rest_route=%2Fwp%2Fv2%2Fcategories&post=4229"},{"taxonomy":"post_tag","embeddable":true,"href":"https:\/\/www.ecuadoraldia.com.ec\/index.php?rest_route=%2Fwp%2Fv2%2Ftags&post=4229"}],"curies":[{"name":"wp","href":"https:\/\/api.w.org\/{rel}","templated":true}]}}