{"id":4232,"date":"2014-08-14T12:44:31","date_gmt":"2014-08-14T12:44:31","guid":{"rendered":"http:\/\/www.ecuadoraldia.com.ec\/?p=4232"},"modified":"2014-08-14T12:44:31","modified_gmt":"2014-08-14T12:44:31","slug":"una-abogada-puruha-al-frente-de-intendencia-de-comunicacion","status":"publish","type":"post","link":"https:\/\/www.ecuadoraldia.com.ec\/?p=4232","title":{"rendered":"Una abogada puruh\u00e1, al frente de Intendencia de Comunicaci\u00f3n"},"content":{"rendered":"<p><a href=\"http:\/\/www.ecuadoraldia.com.ec\/wp-content\/uploads\/2014\/08\/abg-pu.jpg\"><img loading=\"lazy\" decoding=\"async\" class=\"alignleft size-medium wp-image-4233\" src=\"http:\/\/www.ecuadoraldia.com.ec\/wp-content\/uploads\/2014\/08\/abg-pu-300x198.jpg\" alt=\"abg pu\" width=\"300\" height=\"198\" srcset=\"https:\/\/www.ecuadoraldia.com.ec\/wp-content\/uploads\/2014\/08\/abg-pu-300x198.jpg 300w, https:\/\/www.ecuadoraldia.com.ec\/wp-content\/uploads\/2014\/08\/abg-pu.jpg 450w\" sizes=\"(max-width: 300px) 100vw, 300px\" \/><\/a>La Superintendencia de la Informaci\u00f3n y Comunicaci\u00f3n (Supercom) design\u00f3 como Intendenta de la Zonal 3, que abarca las provincias de Chimborazo, Tungurahua, Cotopaxi y Pastaza, a Mar\u00eda Paucar. Ella desempe\u00f1ar\u00e1 sus funciones desde la sede en Riobamba.<\/p>\n<p>En el sal\u00f3n principal del Gobierno Provincial, ubicado en las calles Primera Constituyente y Carabobo, se desarroll\u00f3 la posesi\u00f3n con la presencia del Superintendente de Comunicaci\u00f3n, Carlos Ochoa. \u00c9l resalt\u00f3 el hecho de que una mujer ind\u00edgena ocupe este cargo. \u201cDebido a su experiencia es muy capaz y estamos contentos de contar con su ayuda\u201d, afirm\u00f3.<\/p>\n<p>Autoridades locales como el alcalde de Riobamba, Napole\u00f3n Cadena, y el prefecto de la provincia, Mariano Curicama, participaron en el evento con palabras de encomio a la nueva funcionaria.<\/p>\n<p>Mar\u00eda Victoria Paucar Castro, de la etnia Puruh\u00e1 Kichwa, es abogada graduada en la Universidad Aut\u00f3noma de los Andes (Uniandes). Ha realizado estudios en el centro Asociado de Riobamba de la Universidad T\u00e9cnica de Cotopaxi.<\/p>\n<p>En su trayectoria profesional constan capacitaciones en comunidades de la zona de amortiguamiento del Parque Nacional Sangay, e implementaci\u00f3n de cajas comunales y tejidos artesanales.<\/p>\n<p>Tambi\u00e9n ha participado como dirigente comunitaria de la Confederaci\u00f3n del Movimiento Ind\u00edgena y de la Asociaci\u00f3n de Mujeres Mushuc Kawsay.<\/p>\n<p>Antes se desempe\u00f1aba como asesora jur\u00eddica del Gobierno de la provincia de Chimborazo.<\/p>\n<p>\u201cConsidero que haremos un buen trabajo. Realmente me siento capacitada para desenvolverme en este cargo en un proyecto que beneficia a toda la ciudadan\u00eda\u201d, mencion\u00f3 Paucar. \u201cLa meta es el cumplimiento de la ley, la estrategia es el di\u00e1logo, el objetivo es el bienestar de nuestro pueblo\u201d, agreg\u00f3 la funcionaria.<\/p>\n<p>\u201cEn mi condici\u00f3n de ind\u00edgena y profesional del derecho considero que esta oportunidad permitir\u00e1 demostrar mi capacidad\u201d, concluy\u00f3.<\/p>\n<p>De esta manera se conforma la \u00faltima de las 6 dependencias zonales que funcionar\u00e1n en el pa\u00eds. Los boletines surgen poco despu\u00e9s de una advertencia simi larncia simi lar sobre los sis temas.<\/p>\n<p>DATOS<\/p>\n<p>Mar\u00eda Victoria Paucar Castro tiene 47 a\u00f1os, est\u00e1 casada y vive en la comunidad de Nitiluisa, en la parroquia Calpi (Riobamba).<\/p>\n<p>La nueva funcionaria ha sido capacitadora en el Programa Alim\u00e9ntate Ecuador, promotora comunitaria en el Consejo Provincial e instructoras de mujeres ind\u00edgenas, en temas de g\u00e9nero y equidad, por la Asociaci\u00f3n de Mujeres La Minga.<\/p>\n<p>Entre los cargos que ha desempe\u00f1ado est\u00e1n abogada en la Coordinaci\u00f3n de Sindicatura en el Gobierno de la Provincia de Chimborazo y asistente Administrativa en la Asamblea Nacional en la difusi\u00f3n del Proyecto de Leyes en Organizaciones del Primer y Segundo grado.<\/p>\n<p>El art\u00edculo 55 de la Ley Org\u00e1nica de Comunicaci\u00f3n (LOC) ordena a la Supercom abrir oficinas zonales.<\/p>\n","protected":false},"excerpt":{"rendered":"<p>La Superintendencia de la Informaci\u00f3n y Comunicaci\u00f3n (Supercom) design\u00f3 como Intendenta de la Zonal 3, que abarca las provincias de<\/p>\n","protected":false},"author":1,"featured_media":0,"comment_status":"open","ping_status":"open","sticky":false,"template":"","format":"standard","meta":{"footnotes":""},"categories":[3],"tags":[],"_links":{"self":[{"href":"https:\/\/www.ecuadoraldia.com.ec\/index.php?rest_route=\/wp\/v2\/posts\/4232"}],"collection":[{"href":"https:\/\/www.ecuadoraldia.com.ec\/index.php?rest_route=\/wp\/v2\/posts"}],"about":[{"href":"https:\/\/www.ecuadoraldia.com.ec\/index.php?rest_route=\/wp\/v2\/types\/post"}],"author":[{"embeddable":true,"href":"https:\/\/www.ecuadoraldia.com.ec\/index.php?rest_route=\/wp\/v2\/users\/1"}],"replies":[{"embeddable":true,"href":"https:\/\/www.ecuadoraldia.com.ec\/index.php?rest_route=%2Fwp%2Fv2%2Fcomments&post=4232"}],"version-history":[{"count":1,"href":"https:\/\/www.ecuadoraldia.com.ec\/index.php?rest_route=\/wp\/v2\/posts\/4232\/revisions"}],"predecessor-version":[{"id":4234,"href":"https:\/\/www.ecuadoraldia.com.ec\/index.php?rest_route=\/wp\/v2\/posts\/4232\/revisions\/4234"}],"wp:attachment":[{"href":"https:\/\/www.ecuadoraldia.com.ec\/index.php?rest_route=%2Fwp%2Fv2%2Fmedia&parent=4232"}],"wp:term":[{"taxonomy":"category","embeddable":true,"href":"https:\/\/www.ecuadoraldia.com.ec\/index.php?rest_route=%2Fwp%2Fv2%2Fcategories&post=4232"},{"taxonomy":"post_tag","embeddable":true,"href":"https:\/\/www.ecuadoraldia.com.ec\/index.php?rest_route=%2Fwp%2Fv2%2Ftags&post=4232"}],"curies":[{"name":"wp","href":"https:\/\/api.w.org\/{rel}","templated":true}]}}