{"id":4239,"date":"2014-08-14T13:00:23","date_gmt":"2014-08-14T13:00:23","guid":{"rendered":"http:\/\/www.ecuadoraldia.com.ec\/?p=4239"},"modified":"2014-08-14T13:00:42","modified_gmt":"2014-08-14T13:00:42","slug":"el-instituto-metropolitano-de-patrimonio-evalua-los-danos-que-dejaron-los-sismos","status":"publish","type":"post","link":"https:\/\/www.ecuadoraldia.com.ec\/?p=4239","title":{"rendered":"El Instituto Metropolitano de Patrimonio eval\u00faa los da\u00f1os que dejaron los sismos"},"content":{"rendered":"<p><a href=\"http:\/\/www.ecuadoraldia.com.ec\/wp-content\/uploads\/2014\/08\/igl.jpg\"><img loading=\"lazy\" decoding=\"async\" class=\"alignleft size-medium wp-image-4240\" src=\"http:\/\/www.ecuadoraldia.com.ec\/wp-content\/uploads\/2014\/08\/igl-300x166.jpg\" alt=\"igl\" width=\"300\" height=\"166\" srcset=\"https:\/\/www.ecuadoraldia.com.ec\/wp-content\/uploads\/2014\/08\/igl-300x166.jpg 300w, https:\/\/www.ecuadoraldia.com.ec\/wp-content\/uploads\/2014\/08\/igl.jpg 612w\" sizes=\"(max-width: 300px) 100vw, 300px\" \/><\/a>Tras los sismos del martes 12 de agosto, hoy, mi\u00e9rcoles 13, se puso en marcha un plan de contingencia para evaluar los da\u00f1os que habr\u00edan sufrido distintas edificaciones patrimoniales de Quito. As\u00ed lo asegur\u00f3 a este Diario la arquitecta Dora Ar\u00edzaga, Directora Ejecutiva del Instituto Metropolitano de Patrimonio (IMP). Seg\u00fan reportes preliminares, la iglesia de Calder\u00f3n y el arco de entrada a la hacienda de Marieta de Veintimilla (Pomasqui) son dos puntos afectados en su estructura arquitect\u00f3nica. A estos se han sumado edificaciones de distintos puntos de la ciudad que durante todo el d\u00eda ser\u00e1n evaluados para luego, a partir del jueves 14, empezar un plan de trabajo sobre estos. Ar\u00edzaga, quien a finales de mayo asumi\u00f3 la direcci\u00f3n del IMP, comenta adem\u00e1s que tres grupos de investigadores se encuentran repartidos por la ciudad cuantificando los da\u00f1os. Propiedades p\u00fablicas y privadas e inventariadas de Pu\u00e9llaro, Perucho, Guayllabamba, Pomasqui, Checa, Calder\u00f3n, entre otros, est\u00e1n bajo an\u00e1lisis. Uno de los sitios que posiblemente estar\u00eda afectado es el cerro de Catequilla, ubicado en la parroquia de San Antonio de Pichincha. Al final de la tarde se podr\u00eda conocer el estado de este lugar, que en su cima cuenta con una construcci\u00f3n prehisp\u00e1nica que habr\u00eda tenido funciones ceremoniales y astron\u00f3micas.<\/p>\n","protected":false},"excerpt":{"rendered":"<p>Tras los sismos del martes 12 de agosto, hoy, mi\u00e9rcoles 13, se puso en marcha un plan de contingencia para<\/p>\n","protected":false},"author":1,"featured_media":0,"comment_status":"open","ping_status":"open","sticky":false,"template":"","format":"standard","meta":{"footnotes":""},"categories":[14],"tags":[],"_links":{"self":[{"href":"https:\/\/www.ecuadoraldia.com.ec\/index.php?rest_route=\/wp\/v2\/posts\/4239"}],"collection":[{"href":"https:\/\/www.ecuadoraldia.com.ec\/index.php?rest_route=\/wp\/v2\/posts"}],"about":[{"href":"https:\/\/www.ecuadoraldia.com.ec\/index.php?rest_route=\/wp\/v2\/types\/post"}],"author":[{"embeddable":true,"href":"https:\/\/www.ecuadoraldia.com.ec\/index.php?rest_route=\/wp\/v2\/users\/1"}],"replies":[{"embeddable":true,"href":"https:\/\/www.ecuadoraldia.com.ec\/index.php?rest_route=%2Fwp%2Fv2%2Fcomments&post=4239"}],"version-history":[{"count":1,"href":"https:\/\/www.ecuadoraldia.com.ec\/index.php?rest_route=\/wp\/v2\/posts\/4239\/revisions"}],"predecessor-version":[{"id":4241,"href":"https:\/\/www.ecuadoraldia.com.ec\/index.php?rest_route=\/wp\/v2\/posts\/4239\/revisions\/4241"}],"wp:attachment":[{"href":"https:\/\/www.ecuadoraldia.com.ec\/index.php?rest_route=%2Fwp%2Fv2%2Fmedia&parent=4239"}],"wp:term":[{"taxonomy":"category","embeddable":true,"href":"https:\/\/www.ecuadoraldia.com.ec\/index.php?rest_route=%2Fwp%2Fv2%2Fcategories&post=4239"},{"taxonomy":"post_tag","embeddable":true,"href":"https:\/\/www.ecuadoraldia.com.ec\/index.php?rest_route=%2Fwp%2Fv2%2Ftags&post=4239"}],"curies":[{"name":"wp","href":"https:\/\/api.w.org\/{rel}","templated":true}]}}